{"id":87797,"date":"2026-02-14T16:34:55","date_gmt":"2026-02-14T13:34:55","guid":{"rendered":"https:\/\/www.egemtv.com\/?p=87797"},"modified":"2026-02-14T16:34:56","modified_gmt":"2026-02-14T13:34:56","slug":"minik-yureklerden-depremzede-cocuklara-gonul-atkisi","status":"publish","type":"post","link":"https:\/\/www.egemtv.com\/?p=87797","title":{"rendered":"Minik y\u00fcreklerden depremzede \u00e7ocuklara &#8220;G\u00f6n\u00fcl Atk\u0131s\u0131&#8221;"},"content":{"rendered":"<p>E\u011firdir Ba\u011flar \u0130lkokulu anas\u0131n\u0131f\u0131 \u00f6\u011frencileri, 6 \u015eubat depremlerinden etkilenen akranlar\u0131 i\u00e7in ba\u015flatt\u0131klar\u0131 &#8220;Bir \u0130lmek de Bizden&#8221; projesi kapsam\u0131nda \u00f6rd\u00fckleri atk\u0131 ve haz\u0131rlad\u0131klar\u0131 hediyeleri Malatya Milli Egemenlik \u0130lkokulu \u00f6\u011frencilerine ula\u015ft\u0131rarak anlaml\u0131 bir dayan\u0131\u015fma \u00f6rne\u011fi sergiledi.<br \/>\n<br \/>E\u011firdir Ba\u011flar \u0130lkokulu Anas\u0131n\u0131f\u0131 \u00f6\u011frencileri, 6 \u015eubat 2023 tarihinde meydana gelen ve merkez \u00fcss\u00fc Kahramanmara\u015f olan depremlerden etkilenen \u00e7ocuklar i\u00e7in sosyal sorumluluk projesine imza att\u0131. &#8220;Bir \u0130lmek de Bizden&#8221; slogan\u0131yla ba\u015flat\u0131lan &#8220;Her Zaman Yan\u0131nday\u0131m \u2013 G\u00f6n\u00fcl Atk\u0131s\u0131&#8221; projesi kapsam\u0131nda minik \u00f6\u011frenciler, depremden etkilenen akranlar\u0131 i\u00e7in atk\u0131 \u00f6rd\u00fc. Dayan\u0131\u015fma ve yard\u0131mla\u015fma duygusuyla hareket eden \u00f6\u011frenciler, zorlu k\u0131\u015f \u015fartlar\u0131nda arkada\u015flar\u0131n\u0131 s\u0131cak tutmak amac\u0131yla kendi emekleriyle 15 atk\u0131 haz\u0131rlad\u0131. \u00d6r\u00fclen atk\u0131lar, 6 Mart tarihinde Malatya\u2019daki Malatya Milli Egemenlik \u0130lkokulu anas\u0131n\u0131f\u0131 \u00f6\u011frencilerine ula\u015ft\u0131r\u0131ld\u0131.<\/p>\n<p>&#8220;\u00c7ocuk g\u00fclerse d\u00fcnya g\u00fcler&#8221;<br \/>\n<br \/>Projenin \u00fc\u00e7\u00fcnc\u00fc y\u0131l\u0131nda &#8220;\u00c7ocuk G\u00fclerse D\u00fcnya G\u00fcler&#8221; anlay\u0131\u015f\u0131yla yeniden harekete ge\u00e7en 15 \u00f6\u011frenci, yo\u011furt kovalar\u0131nda kendi emekleriyle \u00f6rd\u00fckleri atk\u0131lar\u0131n yan\u0131na \u00e7e\u015fitli hediyeler de ekleyerek paketler haz\u0131rlad\u0131. T\u00fcrkiye genelinde 480 \u00f6\u011fretmenin \u00f6\u011frencileriyle birlikte kat\u0131ld\u0131\u011f\u0131 proje, depremden etkilenen \u00e7ocuklara yaln\u0131z olmad\u0131klar\u0131n\u0131 hissettirmeyi ama\u00e7lad\u0131. Toplumsal dayan\u0131\u015fma ve yard\u0131mla\u015fma bilincini g\u00fc\u00e7lendiren proje, hem \u00f6\u011frenciler hem de \u00f6\u011fretmenler i\u00e7in unutulmaz bir deneyim oldu. Projeye maddi ve manevi destek sa\u011flayan okul idaresine, velilere ve emek veren \u00f6\u011frencilere te\u015fekk\u00fcr edildi.<br \/><\/p>\n","protected":false},"excerpt":{"rendered":"<p>E\u011firdir Ba\u011flar \u0130lkokulu anas\u0131n\u0131f\u0131 \u00f6\u011frencileri, 6 \u015eubat depremlerinden etkilenen akranlar\u0131 i\u00e7in ba\u015flatt\u0131klar\u0131 &#8220;Bir \u0130lmek de Bizden&#8221; projesi kapsam\u0131nda \u00f6rd\u00fckleri atk\u0131 ve haz\u0131rlad\u0131klar\u0131 hediyeleri Malatya Milli Egemenlik \u0130lkokulu \u00f6\u011frencilerine ula\u015ft\u0131rarak anlaml\u0131 bir dayan\u0131\u015fma \u00f6rne\u011fi sergiledi. E\u011firdir Ba\u011flar \u0130lkokulu Anas\u0131n\u0131f\u0131 \u00f6\u011frencileri, 6 \u015eubat 2023 tarihinde meydana gelen ve merkez \u00fcss\u00fc Kahramanmara\u015f olan depremlerden etkilenen \u00e7ocuklar i\u00e7in sosyal&#8230;<\/p>\n","protected":false},"author":1,"featured_media":87798,"comment_status":"open","ping_status":"open","sticky":false,"template":"","format":"standard","meta":{"_crdt_document":"","footnotes":""},"categories":[123],"tags":[],"class_list":["post-87797","post","type-post","status-publish","format-standard","has-post-thumbnail","hentry","category-gundem"],"_links":{"self":[{"href":"https:\/\/www.egemtv.com\/index.php?rest_route=\/wp\/v2\/posts\/87797","targetHints":{"allow":["GET"]}}],"collection":[{"href":"https:\/\/www.egemtv.com\/index.php?rest_route=\/wp\/v2\/posts"}],"about":[{"href":"https:\/\/www.egemtv.com\/index.php?rest_route=\/wp\/v2\/types\/post"}],"author":[{"embeddable":true,"href":"https:\/\/www.egemtv.com\/index.php?rest_route=\/wp\/v2\/users\/1"}],"replies":[{"embeddable":true,"href":"https:\/\/www.egemtv.com\/index.php?rest_route=%2Fwp%2Fv2%2Fcomments&post=87797"}],"version-history":[{"count":1,"href":"https:\/\/www.egemtv.com\/index.php?rest_route=\/wp\/v2\/posts\/87797\/revisions"}],"predecessor-version":[{"id":87799,"href":"https:\/\/www.egemtv.com\/index.php?rest_route=\/wp\/v2\/posts\/87797\/revisions\/87799"}],"wp:featuredmedia":[{"embeddable":true,"href":"https:\/\/www.egemtv.com\/index.php?rest_route=\/wp\/v2\/media\/87798"}],"wp:attachment":[{"href":"https:\/\/www.egemtv.com\/index.php?rest_route=%2Fwp%2Fv2%2Fmedia&parent=87797"}],"wp:term":[{"taxonomy":"category","embeddable":true,"href":"https:\/\/www.egemtv.com\/index.php?rest_route=%2Fwp%2Fv2%2Fcategories&post=87797"},{"taxonomy":"post_tag","embeddable":true,"href":"https:\/\/www.egemtv.com\/index.php?rest_route=%2Fwp%2Fv2%2Ftags&post=87797"}],"curies":[{"name":"wp","href":"https:\/\/api.w.org\/{rel}","templated":true}]}}