{"id":87794,"date":"2026-02-14T16:16:01","date_gmt":"2026-02-14T13:16:01","guid":{"rendered":"https:\/\/www.egemtv.com\/?p=87794"},"modified":"2026-02-14T16:16:02","modified_gmt":"2026-02-14T13:16:02","slug":"ege-denizinde-kuvvetli-firtina-uyarisi-2","status":"publish","type":"post","link":"https:\/\/www.egemtv.com\/?p=87794","title":{"rendered":"Ege Denizi\u2019nde kuvvetli f\u0131rt\u0131na uyar\u0131s\u0131"},"content":{"rendered":"<p>Ege Denizi\u2019nin g\u00fcneyinde yar\u0131n sabah saatlerinden itibaren r\u00fczgar\u0131n kuvvetli f\u0131rt\u0131na \u015feklinde esmesi bekleniyor.<br \/>\n<br \/>Meteoroloji 2. B\u00f6lge M\u00fcd\u00fcrl\u00fc\u011f\u00fc B\u00f6lge Tahmin ve Erken Uyar\u0131 Merkezi taraf\u0131ndan yap\u0131lan a\u00e7\u0131klamada, &#8220;G\u00fcney Ege\u2019de r\u00fczgar\u0131n, Pazar g\u00fcn\u00fc (15.02.2026) ilk saatlerden itibaren g\u00fcney ve g\u00fcneydo\u011fudan 6 ila 8 kuvvetinde (50-75 km\/saat) f\u0131rt\u0131na, yer yer 9 kuvvetinde (90 km\/saat) kuvvetli f\u0131rt\u0131na \u015feklinde esece\u011fi tahmin edilmektedir. F\u0131rt\u0131nan\u0131n Pazartesi g\u00fcn\u00fc (16.02.2026) sabah saatlerinde kuzeyinde, ak\u015fam saatlerinde g\u00fcneyinde etkisini kaybetmesi beklenmektedir&#8221; ifadeleri yer ald\u0131.<br \/><\/p>\n","protected":false},"excerpt":{"rendered":"<p>Ege Denizi\u2019nin g\u00fcneyinde yar\u0131n sabah saatlerinden itibaren r\u00fczgar\u0131n kuvvetli f\u0131rt\u0131na \u015feklinde esmesi bekleniyor. Meteoroloji 2. B\u00f6lge M\u00fcd\u00fcrl\u00fc\u011f\u00fc B\u00f6lge Tahmin ve Erken Uyar\u0131 Merkezi taraf\u0131ndan yap\u0131lan a\u00e7\u0131klamada, &#8220;G\u00fcney Ege\u2019de r\u00fczgar\u0131n, Pazar g\u00fcn\u00fc (15.02.2026) ilk saatlerden itibaren g\u00fcney ve g\u00fcneydo\u011fudan 6 ila 8 kuvvetinde (50-75 km\/saat) f\u0131rt\u0131na, yer yer 9 kuvvetinde (90 km\/saat) kuvvetli f\u0131rt\u0131na \u015feklinde esece\u011fi&#8230;<\/p>\n","protected":false},"author":1,"featured_media":87795,"comment_status":"open","ping_status":"open","sticky":false,"template":"","format":"standard","meta":{"_crdt_document":"","footnotes":""},"categories":[1],"tags":[],"class_list":["post-87794","post","type-post","status-publish","format-standard","has-post-thumbnail","hentry","category-guncel"],"_links":{"self":[{"href":"https:\/\/www.egemtv.com\/index.php?rest_route=\/wp\/v2\/posts\/87794","targetHints":{"allow":["GET"]}}],"collection":[{"href":"https:\/\/www.egemtv.com\/index.php?rest_route=\/wp\/v2\/posts"}],"about":[{"href":"https:\/\/www.egemtv.com\/index.php?rest_route=\/wp\/v2\/types\/post"}],"author":[{"embeddable":true,"href":"https:\/\/www.egemtv.com\/index.php?rest_route=\/wp\/v2\/users\/1"}],"replies":[{"embeddable":true,"href":"https:\/\/www.egemtv.com\/index.php?rest_route=%2Fwp%2Fv2%2Fcomments&post=87794"}],"version-history":[{"count":1,"href":"https:\/\/www.egemtv.com\/index.php?rest_route=\/wp\/v2\/posts\/87794\/revisions"}],"predecessor-version":[{"id":87796,"href":"https:\/\/www.egemtv.com\/index.php?rest_route=\/wp\/v2\/posts\/87794\/revisions\/87796"}],"wp:featuredmedia":[{"embeddable":true,"href":"https:\/\/www.egemtv.com\/index.php?rest_route=\/wp\/v2\/media\/87795"}],"wp:attachment":[{"href":"https:\/\/www.egemtv.com\/index.php?rest_route=%2Fwp%2Fv2%2Fmedia&parent=87794"}],"wp:term":[{"taxonomy":"category","embeddable":true,"href":"https:\/\/www.egemtv.com\/index.php?rest_route=%2Fwp%2Fv2%2Fcategories&post=87794"},{"taxonomy":"post_tag","embeddable":true,"href":"https:\/\/www.egemtv.com\/index.php?rest_route=%2Fwp%2Fv2%2Ftags&post=87794"}],"curies":[{"name":"wp","href":"https:\/\/api.w.org\/{rel}","templated":true}]}}