{"id":87791,"date":"2026-02-14T16:15:59","date_gmt":"2026-02-14T13:15:59","guid":{"rendered":"https:\/\/www.egemtv.com\/?p=87791"},"modified":"2026-02-14T16:16:00","modified_gmt":"2026-02-14T13:16:00","slug":"egirdir-golunde-balik-avlarken-tekneden-dusen-adam-boguldu","status":"publish","type":"post","link":"https:\/\/www.egemtv.com\/?p=87791","title":{"rendered":"E\u011firdir G\u00f6l\u00fc\u2019nde bal\u0131k avlarken tekneden d\u00fc\u015fen adam bo\u011fuldu"},"content":{"rendered":"<p>E\u011firdir G\u00f6l\u00fc\u2019nde bal\u0131k tutmak i\u00e7in tekne ile a\u00e7\u0131lan 64 ya\u015f\u0131ndaki adam, dengesini kaybederek d\u00fc\u015ft\u00fc\u011f\u00fc g\u00f6lde hayat\u0131n\u0131 kaybetti.<br \/>\n<br \/>Olay, \u00f6\u011fle saatlerinde Senirkent il\u00e7esi Gen\u00e7ali k\u00f6y\u00fc E\u011firdir g\u00f6l\u00fc Hoyran mevkiinde meydana geldi. Edinilen bilgilere g\u00f6re, tekne ile g\u00f6le a\u00e7\u0131lan Tevfik Elmas (64) a\u011f ile bal\u0131k avlad\u0131\u011f\u0131 s\u0131rada dengesini kaybederek bir anda suya d\u00fc\u015ft\u00fc. \u00c7evredeki vatanda\u015flar\u0131n ihbar\u0131 \u00fczerine b\u00f6lgeye \u00e7ok say\u0131da ekip sevk edildi. Arama \u00e7al\u0131\u015fmalar\u0131na Senirkent \u0130l\u00e7e Jandarma Komutanl\u0131\u011f\u0131 ekipleri \u00f6nc\u00fcl\u00fck ederken, AFAD personeli de destek verdi. Ayr\u0131ca E\u011firdir \u0130l\u00e7e Jandarma Komutanl\u0131\u011f\u0131 Bot Timi\u2019nin olay yerine ula\u015farak g\u00f6l y\u00fczeyinde ve k\u0131y\u0131 hatt\u0131nda arama faaliyetlerine kat\u0131ld\u0131\u011f\u0131 bildirildi. Ayn\u0131 zamanda b\u00f6lgede havadan destekli arama kurtarma faaliyetleri de kameralara yans\u0131d\u0131. Ekiplerin g\u00f6l \u00fczerinde ve su alt\u0131nda y\u00fcr\u00fctt\u00fc\u011f\u00fc \u00e7al\u0131\u015fmalar sonucunda Tevfik Elmas\u2019a ula\u015f\u0131ld\u0131. Sa\u011fl\u0131k ekipleri k\u0131y\u0131ya \u00e7\u0131kart\u0131lan Elmas\u2019\u0131n hayat\u0131n\u0131 kaybetti\u011fini tespit etti.<br \/>\n<br \/>Olayla ilgili soru\u015fturma ba\u015flat\u0131ld\u0131.<br \/><\/p>\n","protected":false},"excerpt":{"rendered":"<p>E\u011firdir G\u00f6l\u00fc\u2019nde bal\u0131k tutmak i\u00e7in tekne ile a\u00e7\u0131lan 64 ya\u015f\u0131ndaki adam, dengesini kaybederek d\u00fc\u015ft\u00fc\u011f\u00fc g\u00f6lde hayat\u0131n\u0131 kaybetti. Olay, \u00f6\u011fle saatlerinde Senirkent il\u00e7esi Gen\u00e7ali k\u00f6y\u00fc E\u011firdir g\u00f6l\u00fc Hoyran mevkiinde meydana geldi. Edinilen bilgilere g\u00f6re, tekne ile g\u00f6le a\u00e7\u0131lan Tevfik Elmas (64) a\u011f ile bal\u0131k avlad\u0131\u011f\u0131 s\u0131rada dengesini kaybederek bir anda suya d\u00fc\u015ft\u00fc. \u00c7evredeki vatanda\u015flar\u0131n ihbar\u0131 \u00fczerine&#8230;<\/p>\n","protected":false},"author":1,"featured_media":87792,"comment_status":"open","ping_status":"open","sticky":false,"template":"","format":"standard","meta":{"_crdt_document":"","footnotes":""},"categories":[5],"tags":[],"class_list":["post-87791","post","type-post","status-publish","format-standard","has-post-thumbnail","hentry","category-asayis"],"_links":{"self":[{"href":"https:\/\/www.egemtv.com\/index.php?rest_route=\/wp\/v2\/posts\/87791","targetHints":{"allow":["GET"]}}],"collection":[{"href":"https:\/\/www.egemtv.com\/index.php?rest_route=\/wp\/v2\/posts"}],"about":[{"href":"https:\/\/www.egemtv.com\/index.php?rest_route=\/wp\/v2\/types\/post"}],"author":[{"embeddable":true,"href":"https:\/\/www.egemtv.com\/index.php?rest_route=\/wp\/v2\/users\/1"}],"replies":[{"embeddable":true,"href":"https:\/\/www.egemtv.com\/index.php?rest_route=%2Fwp%2Fv2%2Fcomments&post=87791"}],"version-history":[{"count":1,"href":"https:\/\/www.egemtv.com\/index.php?rest_route=\/wp\/v2\/posts\/87791\/revisions"}],"predecessor-version":[{"id":87793,"href":"https:\/\/www.egemtv.com\/index.php?rest_route=\/wp\/v2\/posts\/87791\/revisions\/87793"}],"wp:featuredmedia":[{"embeddable":true,"href":"https:\/\/www.egemtv.com\/index.php?rest_route=\/wp\/v2\/media\/87792"}],"wp:attachment":[{"href":"https:\/\/www.egemtv.com\/index.php?rest_route=%2Fwp%2Fv2%2Fmedia&parent=87791"}],"wp:term":[{"taxonomy":"category","embeddable":true,"href":"https:\/\/www.egemtv.com\/index.php?rest_route=%2Fwp%2Fv2%2Fcategories&post=87791"},{"taxonomy":"post_tag","embeddable":true,"href":"https:\/\/www.egemtv.com\/index.php?rest_route=%2Fwp%2Fv2%2Ftags&post=87791"}],"curies":[{"name":"wp","href":"https:\/\/api.w.org\/{rel}","templated":true}]}}