{"id":87788,"date":"2026-02-14T16:15:58","date_gmt":"2026-02-14T13:15:58","guid":{"rendered":"https:\/\/www.egemtv.com\/?p=87788"},"modified":"2026-02-14T16:15:59","modified_gmt":"2026-02-14T13:15:59","slug":"hayvan-damlari-sular-altinda-kaldi-hayvanlar-tahliye-ediliyor","status":"publish","type":"post","link":"https:\/\/www.egemtv.com\/?p=87788","title":{"rendered":"Hayvan damlar\u0131 sular alt\u0131nda kald\u0131, hayvanlar tahliye ediliyor"},"content":{"rendered":"<p>Ayd\u0131n\u2019\u0131n Ko\u00e7arl\u0131 il\u00e7esinde etkili olan sa\u011fanak ya\u011f\u0131\u015f sonras\u0131nda hayvan damlar\u0131 sular alt\u0131nda kal\u0131rken, su i\u00e7inde kalan hayvanlar\u0131n tahliyesi ger\u00e7ekle\u015ftiriliyor.<br \/>\n<br \/>Son g\u00fcnlerde etkili olan sa\u011fanak ya\u011f\u0131\u015f sonras\u0131nda bir\u00e7ok derede ta\u015fk\u0131nlar meydana geldi. Ya\u015fanan ya\u011f\u0131\u015f ve ta\u015fk\u0131nlar sonras\u0131nda \u00f6zellikle k\u0131rsal mahallelerde su bask\u0131nlar\u0131 ya\u015fand\u0131. Evler ve hayvan damlar\u0131 sular alt\u0131nda kal\u0131rken, Ko\u00e7arl\u0131 il\u00e7esine ba\u011fl\u0131 Cincin Mahallesi\u2019nde de b\u00fcy\u00fckba\u015f hayvan damlar\u0131 sular alt\u0131nda kald\u0131. \u0130l genelinde ekipler olumsuzluklar\u0131n giderilmesi i\u00e7in \u00e7al\u0131\u015fmalar\u0131n\u0131 s\u00fcrd\u00fcr\u00fcrken, \u00fcreticiler de hayvanlar\u0131n\u0131 kurtarmak i\u00e7in kendi imkanlar\u0131yla hayvanlar\u0131n\u0131 tahliye etmeye ba\u015flad\u0131. Su i\u00e7inde kalan b\u00fcy\u00fckba\u015f hayvanlar, canl\u0131 hayvan ta\u015f\u0131ma ara\u00e7lar\u0131na bindirilerek g\u00fcvenli b\u00f6lgelere g\u00f6t\u00fcr\u00fcld\u00fc. Canl\u0131 hayvan ta\u015f\u0131mac\u0131l\u0131\u011f\u0131 ile u\u011fra\u015fan vatanda\u015flar\u0131n da b\u00f6lgede yo\u011fun mesaisi s\u00fcr\u00fcyor.<\/p>\n<p>Canl\u0131 hayvan ta\u015f\u0131mac\u0131l\u0131\u011f\u0131 yapan Orhan Akdemir, hayvanlar\u0131 olabildi\u011fince h\u0131zl\u0131 \u015fekilde kurtarmaya \u00e7al\u0131\u015ft\u0131klar\u0131n\u0131 ifade ederek &#8220;Uzun s\u00fcren kurakl\u0131\u011f\u0131n ard\u0131ndan ya\u011f\u0131\u015flar iyi oldu fakat derelerin ta\u015fmas\u0131 sonucu su bask\u0131nlar\u0131 ya\u015fand\u0131. Allah beterinden korusun. Hayvan damlar\u0131nda da maalesef bask\u0131nlar ya\u015fand\u0131. D\u00fcnden bu yana yo\u011fun bir \u015fekilde \u00e7al\u0131\u015f\u0131yoruz. Hayvanlar\u0131 zarar g\u00f6rmeden h\u0131zla sudan kurtararak g\u00fcvenli b\u00f6lgelere ta\u015f\u0131yoruz&#8221; dedi.<br \/><\/p>\n","protected":false},"excerpt":{"rendered":"<p>Ayd\u0131n\u2019\u0131n Ko\u00e7arl\u0131 il\u00e7esinde etkili olan sa\u011fanak ya\u011f\u0131\u015f sonras\u0131nda hayvan damlar\u0131 sular alt\u0131nda kal\u0131rken, su i\u00e7inde kalan hayvanlar\u0131n tahliyesi ger\u00e7ekle\u015ftiriliyor. Son g\u00fcnlerde etkili olan sa\u011fanak ya\u011f\u0131\u015f sonras\u0131nda bir\u00e7ok derede ta\u015fk\u0131nlar meydana geldi. Ya\u015fanan ya\u011f\u0131\u015f ve ta\u015fk\u0131nlar sonras\u0131nda \u00f6zellikle k\u0131rsal mahallelerde su bask\u0131nlar\u0131 ya\u015fand\u0131. Evler ve hayvan damlar\u0131 sular alt\u0131nda kal\u0131rken, Ko\u00e7arl\u0131 il\u00e7esine ba\u011fl\u0131 Cincin Mahallesi\u2019nde de&#8230;<\/p>\n","protected":false},"author":1,"featured_media":87789,"comment_status":"open","ping_status":"open","sticky":false,"template":"","format":"standard","meta":{"_crdt_document":"","footnotes":""},"categories":[1],"tags":[],"class_list":["post-87788","post","type-post","status-publish","format-standard","has-post-thumbnail","hentry","category-guncel"],"_links":{"self":[{"href":"https:\/\/www.egemtv.com\/index.php?rest_route=\/wp\/v2\/posts\/87788","targetHints":{"allow":["GET"]}}],"collection":[{"href":"https:\/\/www.egemtv.com\/index.php?rest_route=\/wp\/v2\/posts"}],"about":[{"href":"https:\/\/www.egemtv.com\/index.php?rest_route=\/wp\/v2\/types\/post"}],"author":[{"embeddable":true,"href":"https:\/\/www.egemtv.com\/index.php?rest_route=\/wp\/v2\/users\/1"}],"replies":[{"embeddable":true,"href":"https:\/\/www.egemtv.com\/index.php?rest_route=%2Fwp%2Fv2%2Fcomments&post=87788"}],"version-history":[{"count":1,"href":"https:\/\/www.egemtv.com\/index.php?rest_route=\/wp\/v2\/posts\/87788\/revisions"}],"predecessor-version":[{"id":87790,"href":"https:\/\/www.egemtv.com\/index.php?rest_route=\/wp\/v2\/posts\/87788\/revisions\/87790"}],"wp:featuredmedia":[{"embeddable":true,"href":"https:\/\/www.egemtv.com\/index.php?rest_route=\/wp\/v2\/media\/87789"}],"wp:attachment":[{"href":"https:\/\/www.egemtv.com\/index.php?rest_route=%2Fwp%2Fv2%2Fmedia&parent=87788"}],"wp:term":[{"taxonomy":"category","embeddable":true,"href":"https:\/\/www.egemtv.com\/index.php?rest_route=%2Fwp%2Fv2%2Fcategories&post=87788"},{"taxonomy":"post_tag","embeddable":true,"href":"https:\/\/www.egemtv.com\/index.php?rest_route=%2Fwp%2Fv2%2Ftags&post=87788"}],"curies":[{"name":"wp","href":"https:\/\/api.w.org\/{rel}","templated":true}]}}