{"id":87785,"date":"2026-02-14T15:54:53","date_gmt":"2026-02-14T12:54:53","guid":{"rendered":"https:\/\/www.egemtv.com\/?p=87785"},"modified":"2026-02-14T15:54:54","modified_gmt":"2026-02-14T12:54:54","slug":"soke-kent-konseyi-kadin-meclisinden-sevgi-asi-etkinligi","status":"publish","type":"post","link":"https:\/\/www.egemtv.com\/?p=87785","title":{"rendered":"S\u00f6ke Kent Konseyi Kad\u0131n Meclisi\u2019nden \u2018Sevgi A\u015f\u0131\u2019 Etkinli\u011fi"},"content":{"rendered":"<p>T\u00fcrk k\u00fclt\u00fcr\u00fcn\u00fcn k\u00f6kl\u00fc geleneklerinden biri olan &#8220;Dede A\u015f\u0131&#8221; gelene\u011fi, S\u00f6ke\u2019de &#8220;Sevgi A\u015f\u0131&#8221; ad\u0131yla ya\u015fat\u0131lmaya devam ediyor. S\u00f6ke Kent Konseyi Kad\u0131n Meclisi taraf\u0131ndan geleneksel hale getirilen etkinlik, bu y\u0131l da yo\u011fun kat\u0131l\u0131mla ger\u00e7ekle\u015ftirildi.<\/p>\n<p>14 \u015eubat Sevgililer G\u00fcn\u00fc dolay\u0131s\u0131yla d\u00fczenlenen &#8220;Sevgi A\u015f\u0131&#8221; etkinli\u011fi, Kent Konseyi\u2019nin tarihi Kemalpa\u015fa Mahallesi\u2019nde bulunan hizmet binas\u0131 \u00f6n\u00fcnde yap\u0131ld\u0131. &#8220;Sevgi Payla\u015ft\u0131k\u00e7a \u00c7o\u011fal\u0131r&#8221; temas\u0131yla d\u00fczenlenen programda birlik, beraberlik ve dayan\u0131\u015fma vurgusu \u00f6n plana \u00e7\u0131kt\u0131. Etkinli\u011fe S\u00f6ke Belediye Ba\u015fkan Vekili \u015eakir G\u00fclmez, siyasi partilerin temsilcileri, oda ba\u015fkanlar\u0131, Kent Konseyi meclislerinin ba\u015fkan ve y\u00f6neticileri ile \u00e7ok say\u0131da g\u00f6n\u00fcll\u00fc kat\u0131ld\u0131. Programda kazanlarda haz\u0131rlanan &#8220;Sevgi A\u015f\u0131&#8221; vatanda\u015flara ikram edilirken, etkinlik samimi ve s\u0131cak bir atmosferde ger\u00e7ekle\u015fti. Kat\u0131l\u0131mc\u0131lar, geleneksel de\u011ferlerin ya\u015fat\u0131lmas\u0131n\u0131n \u00f6nemine dikkat \u00e7ekti.<\/p>\n<p>S\u00f6ke Kent Konseyi Ba\u015fkan\u0131 Ferahnaz \u00d6zt\u00fcrk, etkinli\u011fe kat\u0131lan ve destek veren herkese te\u015fekk\u00fcr ederek, bu t\u00fcr etkinliklerin toplumsal dayan\u0131\u015fmay\u0131 g\u00fc\u00e7lendirdi\u011fini ifade etti. \u00d6zt\u00fcrk, &#8220;Sevgi Payla\u015ft\u0131k\u00e7a \u00c7o\u011fal\u0131r anlay\u0131\u015f\u0131yla bir araya geldik. Amac\u0131m\u0131z hem k\u00fclt\u00fcrel miras\u0131m\u0131z\u0131 ya\u015fatmak hem de toplumda birlik ve beraberlik duygusunu peki\u015ftirmek&#8221; dedi.<br \/><\/p>\n","protected":false},"excerpt":{"rendered":"<p>T\u00fcrk k\u00fclt\u00fcr\u00fcn\u00fcn k\u00f6kl\u00fc geleneklerinden biri olan &#8220;Dede A\u015f\u0131&#8221; gelene\u011fi, S\u00f6ke\u2019de &#8220;Sevgi A\u015f\u0131&#8221; ad\u0131yla ya\u015fat\u0131lmaya devam ediyor. S\u00f6ke Kent Konseyi Kad\u0131n Meclisi taraf\u0131ndan geleneksel hale getirilen etkinlik, bu y\u0131l da yo\u011fun kat\u0131l\u0131mla ger\u00e7ekle\u015ftirildi. 14 \u015eubat Sevgililer G\u00fcn\u00fc dolay\u0131s\u0131yla d\u00fczenlenen &#8220;Sevgi A\u015f\u0131&#8221; etkinli\u011fi, Kent Konseyi\u2019nin tarihi Kemalpa\u015fa Mahallesi\u2019nde bulunan hizmet binas\u0131 \u00f6n\u00fcnde yap\u0131ld\u0131. &#8220;Sevgi Payla\u015ft\u0131k\u00e7a \u00c7o\u011fal\u0131r&#8221; temas\u0131yla&#8230;<\/p>\n","protected":false},"author":1,"featured_media":87786,"comment_status":"open","ping_status":"open","sticky":false,"template":"","format":"standard","meta":{"_crdt_document":"","footnotes":""},"categories":[1],"tags":[],"class_list":["post-87785","post","type-post","status-publish","format-standard","has-post-thumbnail","hentry","category-guncel"],"_links":{"self":[{"href":"https:\/\/www.egemtv.com\/index.php?rest_route=\/wp\/v2\/posts\/87785","targetHints":{"allow":["GET"]}}],"collection":[{"href":"https:\/\/www.egemtv.com\/index.php?rest_route=\/wp\/v2\/posts"}],"about":[{"href":"https:\/\/www.egemtv.com\/index.php?rest_route=\/wp\/v2\/types\/post"}],"author":[{"embeddable":true,"href":"https:\/\/www.egemtv.com\/index.php?rest_route=\/wp\/v2\/users\/1"}],"replies":[{"embeddable":true,"href":"https:\/\/www.egemtv.com\/index.php?rest_route=%2Fwp%2Fv2%2Fcomments&post=87785"}],"version-history":[{"count":1,"href":"https:\/\/www.egemtv.com\/index.php?rest_route=\/wp\/v2\/posts\/87785\/revisions"}],"predecessor-version":[{"id":87787,"href":"https:\/\/www.egemtv.com\/index.php?rest_route=\/wp\/v2\/posts\/87785\/revisions\/87787"}],"wp:featuredmedia":[{"embeddable":true,"href":"https:\/\/www.egemtv.com\/index.php?rest_route=\/wp\/v2\/media\/87786"}],"wp:attachment":[{"href":"https:\/\/www.egemtv.com\/index.php?rest_route=%2Fwp%2Fv2%2Fmedia&parent=87785"}],"wp:term":[{"taxonomy":"category","embeddable":true,"href":"https:\/\/www.egemtv.com\/index.php?rest_route=%2Fwp%2Fv2%2Fcategories&post=87785"},{"taxonomy":"post_tag","embeddable":true,"href":"https:\/\/www.egemtv.com\/index.php?rest_route=%2Fwp%2Fv2%2Ftags&post=87785"}],"curies":[{"name":"wp","href":"https:\/\/api.w.org\/{rel}","templated":true}]}}