{"id":87782,"date":"2026-02-14T15:54:52","date_gmt":"2026-02-14T12:54:52","guid":{"rendered":"https:\/\/www.egemtv.com\/?p=87782"},"modified":"2026-02-14T15:54:53","modified_gmt":"2026-02-14T12:54:53","slug":"uykudaki-esinin-bogazini-keserek-oldurmustu-ilk-ifadesi-ortaya-cikti","status":"publish","type":"post","link":"https:\/\/www.egemtv.com\/?p=87782","title":{"rendered":"Uykudaki e\u015finin bo\u011faz\u0131n\u0131 keserek \u00f6ld\u00fcrm\u00fc\u015ft\u00fc: \u0130lk ifadesi ortaya \u00e7\u0131kt\u0131"},"content":{"rendered":"<p>Manisa\u2019n\u0131n Yunusemre il\u00e7esinde 72 ya\u015f\u0131ndaki e\u015fini uykuda bo\u011faz\u0131ndan keserek \u00f6ld\u00fcren 83 ya\u015f\u0131ndaki adam\u0131n ilk ifadesi ortaya \u00e7\u0131kt\u0131. E\u015finin kendisini evden \u00e7\u0131karmak istedi\u011fini iddia eden katil zanl\u0131s\u0131 E.\u00d6., e\u015fi Emine \u00d6.\u2019y\u00fc \u00f6ld\u00fcrd\u00fckten sonra kanl\u0131 b\u0131\u00e7a\u011f\u0131 y\u0131kayarak bula\u015f\u0131kl\u0131\u011fa koydu\u011funu ve daha sonras\u0131nda torununu arayarak &#8220;Babaannenizi \u00f6ld\u00fcrd\u00fcm&#8221; dedi\u011fi \u00f6\u011frenildi.<br \/>\n<br \/>Olay, sabaha kar\u015f\u0131 Top\u00e7uas\u0131m Mahallesi 3505 Sokak\u2019ta meydana geldi. Edinilen bilgiye g\u00f6re, E.\u00d6 (83) ile e\u015fi Emine \u00d6. (72) aras\u0131nda hen\u00fcz belirlenemeyen bir nedenle tart\u0131\u015fma \u00e7\u0131kt\u0131. Tart\u0131\u015fman\u0131n ard\u0131ndan E.\u00d6, yata\u011f\u0131nda uyumakta olan e\u015fini b\u0131\u00e7akla bo\u011faz\u0131ndan keserek \u00f6ld\u00fcrd\u00fc. Cinayetin ard\u0131ndan torununu arayarak &#8220;Babaannenizi \u00f6ld\u00fcrd\u00fcm&#8221; diyen ya\u015fl\u0131 adam, adrese gelen polis ekiplerine teslim oldu. Sa\u011fl\u0131k ekiplerinin yapt\u0131\u011f\u0131 incelemede Emine \u00d6\u2019n\u00fcn hayat\u0131n\u0131 kaybetti\u011fi belirlendi.<\/p>\n<p>Kanl\u0131 b\u0131\u00e7a\u011f\u0131 y\u0131kay\u0131p bula\u015f\u0131kl\u0131\u011fa koymu\u015f<br \/>\n<br \/>\u00d6te yandan, e\u015fini \u00f6ld\u00fcren E.\u00d6.\u2019n\u00fcn polise verdi\u011fi ilk ifadesine ula\u015f\u0131ld\u0131. E\u015fi Emine \u00d6. ile s\u00fcrekli tart\u0131\u015ft\u0131klar\u0131n\u0131 savunan E.\u00d6., e\u015finin kendisini evden g\u00f6ndermek istedi\u011fini, sabah namaz\u0131ndan sonra kavga ettiklerini daha sonra e\u015fi Emine \u00d6. uykudayken bo\u011faz\u0131ndan keserek \u00f6ld\u00fcrd\u00fc\u011f\u00fcn\u00fc, kulland\u0131\u011f\u0131 b\u0131\u00e7a\u011f\u0131 y\u0131kayarak bula\u015f\u0131kl\u0131\u011fa koydu\u011fu itiraf etti. Katil koca E.\u00d6., Emine \u00d6.\u2019y\u00fc \u00f6ld\u00fcrd\u00fckten sonra da torununu arayarak &#8220;Babaannenizi \u00f6ld\u00fcrd\u00fcm gelin al\u0131n&#8221; dedi\u011fi \u00f6\u011frenildi.<br \/><\/p>\n","protected":false},"excerpt":{"rendered":"<p>Manisa\u2019n\u0131n Yunusemre il\u00e7esinde 72 ya\u015f\u0131ndaki e\u015fini uykuda bo\u011faz\u0131ndan keserek \u00f6ld\u00fcren 83 ya\u015f\u0131ndaki adam\u0131n ilk ifadesi ortaya \u00e7\u0131kt\u0131. E\u015finin kendisini evden \u00e7\u0131karmak istedi\u011fini iddia eden katil zanl\u0131s\u0131 E.\u00d6., e\u015fi Emine \u00d6.\u2019y\u00fc \u00f6ld\u00fcrd\u00fckten sonra kanl\u0131 b\u0131\u00e7a\u011f\u0131 y\u0131kayarak bula\u015f\u0131kl\u0131\u011fa koydu\u011funu ve daha sonras\u0131nda torununu arayarak &#8220;Babaannenizi \u00f6ld\u00fcrd\u00fcm&#8221; dedi\u011fi \u00f6\u011frenildi. Olay, sabaha kar\u015f\u0131 Top\u00e7uas\u0131m Mahallesi 3505 Sokak\u2019ta meydana geldi&#8230;.<\/p>\n","protected":false},"author":1,"featured_media":87783,"comment_status":"open","ping_status":"open","sticky":false,"template":"","format":"standard","meta":{"_crdt_document":"","footnotes":""},"categories":[5],"tags":[],"class_list":["post-87782","post","type-post","status-publish","format-standard","has-post-thumbnail","hentry","category-asayis"],"_links":{"self":[{"href":"https:\/\/www.egemtv.com\/index.php?rest_route=\/wp\/v2\/posts\/87782","targetHints":{"allow":["GET"]}}],"collection":[{"href":"https:\/\/www.egemtv.com\/index.php?rest_route=\/wp\/v2\/posts"}],"about":[{"href":"https:\/\/www.egemtv.com\/index.php?rest_route=\/wp\/v2\/types\/post"}],"author":[{"embeddable":true,"href":"https:\/\/www.egemtv.com\/index.php?rest_route=\/wp\/v2\/users\/1"}],"replies":[{"embeddable":true,"href":"https:\/\/www.egemtv.com\/index.php?rest_route=%2Fwp%2Fv2%2Fcomments&post=87782"}],"version-history":[{"count":1,"href":"https:\/\/www.egemtv.com\/index.php?rest_route=\/wp\/v2\/posts\/87782\/revisions"}],"predecessor-version":[{"id":87784,"href":"https:\/\/www.egemtv.com\/index.php?rest_route=\/wp\/v2\/posts\/87782\/revisions\/87784"}],"wp:featuredmedia":[{"embeddable":true,"href":"https:\/\/www.egemtv.com\/index.php?rest_route=\/wp\/v2\/media\/87783"}],"wp:attachment":[{"href":"https:\/\/www.egemtv.com\/index.php?rest_route=%2Fwp%2Fv2%2Fmedia&parent=87782"}],"wp:term":[{"taxonomy":"category","embeddable":true,"href":"https:\/\/www.egemtv.com\/index.php?rest_route=%2Fwp%2Fv2%2Fcategories&post=87782"},{"taxonomy":"post_tag","embeddable":true,"href":"https:\/\/www.egemtv.com\/index.php?rest_route=%2Fwp%2Fv2%2Ftags&post=87782"}],"curies":[{"name":"wp","href":"https:\/\/api.w.org\/{rel}","templated":true}]}}