{"id":87779,"date":"2026-02-14T15:34:44","date_gmt":"2026-02-14T12:34:44","guid":{"rendered":"https:\/\/www.egemtv.com\/?p=87779"},"modified":"2026-02-14T15:34:45","modified_gmt":"2026-02-14T12:34:45","slug":"turkiyede-ilk-olacak-aydinda-deniz-suyu-aritilip-icme-suyu-yapilacak","status":"publish","type":"post","link":"https:\/\/www.egemtv.com\/?p=87779","title":{"rendered":"T\u00fcrkiye\u2019de ilk olacak, Ayd\u0131n\u2019da deniz suyu ar\u0131t\u0131l\u0131p i\u00e7me suyu yap\u0131lacak"},"content":{"rendered":"<p>Ayd\u0131n B\u00fcy\u00fck\u015fehir Belediyesi ile DS\u0130 aras\u0131nda imzalanan protokolle Didim Akb\u00fck\u2019te g\u00fcnl\u00fck 10 bin metrek\u00fcp deniz suyunu i\u00e7me suyuna d\u00f6n\u00fc\u015ft\u00fcrecek ar\u0131tma tesisi i\u00e7in s\u00fcre\u00e7 resmen ba\u015flarken, &#8220;Didim\u2019e 1 milyar TL\u2019lik m\u00fcjdemiz var&#8221; diyen B\u00fcy\u00fck\u015fehir Belediye Ba\u015fkan\u0131 \u00d6zlem \u00c7er\u00e7io\u011flu, \u00e7evreye hi\u00e7bir zarar vermeden deniz suyunu ar\u0131tacaklar\u0131n\u0131 belirtti.<\/p>\n<p>Ayd\u0131n B\u00fcy\u00fck\u015fehir Belediyesi ile Devlet Su \u0130\u015fleri (DS\u0130) Genel M\u00fcd\u00fcrl\u00fc\u011f\u00fc aras\u0131nda imzalanan protokolle, Didim Akb\u00fck\u2019te T\u00fcrkiye\u2019nin ilk \u00f6rneklerinden biri olacak Deniz Suyu Ar\u0131tma Tesisi\u2019nin hayata ge\u00e7irilmesi i\u00e7in \u00f6nemli bir ad\u0131m at\u0131ld\u0131. Kurulacak tesis ile g\u00fcnl\u00fck 10 bin metrek\u00fcp deniz suyunu ar\u0131tarak i\u00e7me suyuna d\u00f6n\u00fc\u015ft\u00fcr\u00fclmesi hedeflenirken, Ayd\u0131n B\u00fcy\u00fck\u015fehir Belediye Ba\u015fkan\u0131 \u00d6zlem \u00c7er\u00e7io\u011flu, projenin \u00f6nemine dikkat \u00e7ekerek &#8220;Didim\u2019e 1 milyar TL\u2019lik m\u00fcjdemiz var&#8221; dedi. Projenin, \u00f6zellikle kurakl\u0131k riskine kar\u015f\u0131 alternatif ve s\u00fcrd\u00fcr\u00fclebilir bir su kayna\u011f\u0131 olu\u015fturaca\u011f\u0131 vurgulan\u0131rken, ayr\u0131ca, stratejik yat\u0131r\u0131mla birlikte Akb\u00fck\u2019\u00fcn i\u00e7me suyu arz g\u00fcvenli\u011finin g\u00fc\u00e7lendirilece\u011fi ve iklim de\u011fi\u015fikli\u011fine kar\u015f\u0131 diren\u00e7li bir altyap\u0131n\u0131n in\u015fa edilece\u011fi ifade edildi.<\/p>\n<p>&#8220;Didim\u2019e 1 milyar TL\u2019lik m\u00fcjdemiz var&#8221;<br \/>\n<br \/>\u00c7evreye hi\u00e7bir zarar vermeden deniz suyunu ar\u0131tacaklar\u0131n\u0131 belirten Ayd\u0131n B\u00fcy\u00fck\u015fehir Belediye Ba\u015fkan\u0131 \u00d6zlem \u00c7er\u00e7io\u011flu; &#8220;Tar\u0131m ve Orman Bakanl\u0131\u011f\u0131 DS\u0130 Genel M\u00fcd\u00fcr\u00fcm\u00fcz Mehmet Akif Balta ile imzalad\u0131\u011f\u0131m\u0131z protokol kapsam\u0131nda Akb\u00fck Mahallemizde \u2019ters ozmos\u2019 sistemi ile deniz suyunu, kir, tuz, a\u011f\u0131r metal, bakteri ve kimyasallardan ay\u0131rarak i\u00e7me suyuna d\u00f6n\u00fc\u015ft\u00fcrece\u011fiz. G\u00fcnl\u00fck 10 bin metrek\u00fcp kapasiteyle saniyede 115 litre suyu ar\u0131tacak bu sistemimizle 85 bin vatanda\u015f\u0131m\u0131z\u0131n i\u00e7me suyunu bu y\u00f6ntemle sa\u011flayaca\u011f\u0131z. Tesisimiz ihtiyac\u0131 olan 5 MW\u2019lik elektrik enerjisini, g\u00fcne\u015f enerji panelleri sayesinde kendi kendine \u00fcreterek hem do\u011fay\u0131 koruyacak, hem de \u00e7evremize hi\u00e7bir zarar vermeden deniz suyunu ar\u0131taca\u011f\u0131z. Kentimize olan hassasiyetinden dolay\u0131 Tar\u0131m ve Orman Bakan\u0131m\u0131z \u0130brahim Yumakl\u0131\u2019ya vatanda\u015flar\u0131m\u0131z ad\u0131na bir kez daha te\u015fekk\u00fcr ederiz. Ayd\u0131n\u0131m\u0131za hizmet etmek i\u00e7in durmadan \u00e7al\u0131\u015fmaya devam edece\u011fiz&#8221; dedi.<\/p>\n<p>&#8220;\u00dclkemizde ilk \u00f6rneklerinden biri olacak&#8221;<br \/>\n<br \/>Konu ile ilgili sosyal medya \u00fczerinden payla\u015f\u0131m yapan Tar\u0131m ve Orman Bakan\u0131 \u0130brahim Yumakl\u0131 ise a\u00e7\u0131klamas\u0131nda &#8220;Ayd\u0131n B\u00fcy\u00fck\u015fehir Belediyesi ile Devlet Su \u0130\u015fleri Genel M\u00fcd\u00fcrl\u00fc\u011f\u00fcm\u00fcz aras\u0131nda imzalanan protokolle, \u00fclkemizde ilk \u00f6rneklerinden biri olacak Didim Akb\u00fck Deniz Suyu Ar\u0131tma Tesisi\u2019ni hayata ge\u00e7irecek bir ad\u0131m at\u0131yoruz. G\u00fcnl\u00fck 10 bin metrek\u00fcp deniz suyunu ar\u0131tarak i\u00e7me suyuna d\u00f6n\u00fc\u015ft\u00fcrecek tesisle, kurakl\u0131k riskine kar\u015f\u0131 alternatif ve s\u00fcrd\u00fcr\u00fclebilir bir su kayna\u011f\u0131 olu\u015fturaca\u011f\u0131z. Bu stratejik yat\u0131r\u0131mla, Akb\u00fck\u2019\u00fcn i\u00e7me suyu arz g\u00fcvenli\u011fini g\u00fc\u00e7lendiriyor, iklim de\u011fi\u015fikli\u011fine kar\u015f\u0131 diren\u00e7li bir altyap\u0131 in\u015fa ediyoruz. Ayd\u0131n\u2019\u0131m\u0131za ve \u00fclkemize hay\u0131rl\u0131 olsun&#8221; ifadelerine yer verdi.<br \/><\/p>\n","protected":false},"excerpt":{"rendered":"<p>Ayd\u0131n B\u00fcy\u00fck\u015fehir Belediyesi ile DS\u0130 aras\u0131nda imzalanan protokolle Didim Akb\u00fck\u2019te g\u00fcnl\u00fck 10 bin metrek\u00fcp deniz suyunu i\u00e7me suyuna d\u00f6n\u00fc\u015ft\u00fcrecek ar\u0131tma tesisi i\u00e7in s\u00fcre\u00e7 resmen ba\u015flarken, &#8220;Didim\u2019e 1 milyar TL\u2019lik m\u00fcjdemiz var&#8221; diyen B\u00fcy\u00fck\u015fehir Belediye Ba\u015fkan\u0131 \u00d6zlem \u00c7er\u00e7io\u011flu, \u00e7evreye hi\u00e7bir zarar vermeden deniz suyunu ar\u0131tacaklar\u0131n\u0131 belirtti. Ayd\u0131n B\u00fcy\u00fck\u015fehir Belediyesi ile Devlet Su \u0130\u015fleri (DS\u0130) Genel M\u00fcd\u00fcrl\u00fc\u011f\u00fc&#8230;<\/p>\n","protected":false},"author":1,"featured_media":87780,"comment_status":"open","ping_status":"open","sticky":false,"template":"","format":"standard","meta":{"_crdt_document":"","footnotes":""},"categories":[1],"tags":[],"class_list":["post-87779","post","type-post","status-publish","format-standard","has-post-thumbnail","hentry","category-guncel"],"_links":{"self":[{"href":"https:\/\/www.egemtv.com\/index.php?rest_route=\/wp\/v2\/posts\/87779","targetHints":{"allow":["GET"]}}],"collection":[{"href":"https:\/\/www.egemtv.com\/index.php?rest_route=\/wp\/v2\/posts"}],"about":[{"href":"https:\/\/www.egemtv.com\/index.php?rest_route=\/wp\/v2\/types\/post"}],"author":[{"embeddable":true,"href":"https:\/\/www.egemtv.com\/index.php?rest_route=\/wp\/v2\/users\/1"}],"replies":[{"embeddable":true,"href":"https:\/\/www.egemtv.com\/index.php?rest_route=%2Fwp%2Fv2%2Fcomments&post=87779"}],"version-history":[{"count":1,"href":"https:\/\/www.egemtv.com\/index.php?rest_route=\/wp\/v2\/posts\/87779\/revisions"}],"predecessor-version":[{"id":87781,"href":"https:\/\/www.egemtv.com\/index.php?rest_route=\/wp\/v2\/posts\/87779\/revisions\/87781"}],"wp:featuredmedia":[{"embeddable":true,"href":"https:\/\/www.egemtv.com\/index.php?rest_route=\/wp\/v2\/media\/87780"}],"wp:attachment":[{"href":"https:\/\/www.egemtv.com\/index.php?rest_route=%2Fwp%2Fv2%2Fmedia&parent=87779"}],"wp:term":[{"taxonomy":"category","embeddable":true,"href":"https:\/\/www.egemtv.com\/index.php?rest_route=%2Fwp%2Fv2%2Fcategories&post=87779"},{"taxonomy":"post_tag","embeddable":true,"href":"https:\/\/www.egemtv.com\/index.php?rest_route=%2Fwp%2Fv2%2Ftags&post=87779"}],"curies":[{"name":"wp","href":"https:\/\/api.w.org\/{rel}","templated":true}]}}