{"id":87776,"date":"2026-02-14T15:34:43","date_gmt":"2026-02-14T12:34:43","guid":{"rendered":"https:\/\/www.egemtv.com\/?p=87776"},"modified":"2026-02-14T15:34:44","modified_gmt":"2026-02-14T12:34:44","slug":"muglada-karadeniz-ruzgari-5-ton-hamsi-ikram-edildi","status":"publish","type":"post","link":"https:\/\/www.egemtv.com\/?p=87776","title":{"rendered":"Mu\u011fla\u2019da Karadeniz r\u00fczgar\u0131: 5 ton hamsi ikram edildi"},"content":{"rendered":"<p>Mu\u011fla\u2019da d\u00fczenlenen 2. Geleneksel Hamsi \u015e\u00f6leni\u2019nde vatanda\u015flara 5 ton hamsi da\u011f\u0131t\u0131ld\u0131. Mu\u011fla Karadenizliler Derne\u011fi taraf\u0131ndan organize edilen etkinlikte, Ege ve Karadeniz k\u00fclt\u00fcr\u00fc bir araya gelerek birlik ve beraberlik mesaj\u0131 verdi.<br \/>\n<br \/>Mu\u011fla B\u00fcy\u00fck\u015fehir Belediyesi, Mente\u015fe Belediyesi ve Mu\u011fla Karadenizliler Derne\u011fi i\u015f birli\u011fiyle d\u00fczenlenen hamsi festivali, yo\u011fun bir kat\u0131l\u0131mla ger\u00e7ekle\u015fti. &#8220;Yery\u00fcz\u00fc cenneti&#8221; Mu\u011fla\u2019da Karadeniz k\u00fclt\u00fcr\u00fcn\u00fc ya\u015fatmak amac\u0131yla d\u00fczenlenen etkinlikte, 5 ton hamsi \u0131zgaralarda pi\u015firilerek vatanda\u015flara ikram edildi. Festivalin a\u00e7\u0131l\u0131\u015f konu\u015fmas\u0131n\u0131 yapan Mu\u011fla Karadenizliler Derne\u011fi Ba\u015fkan\u0131 Celal Karaka\u015f, derne\u011fin 2009 y\u0131l\u0131ndan bu yana faaliyet g\u00f6sterdi\u011fini ve Mu\u011fla\u2019da yakla\u015f\u0131k 140 bin Karadeniz k\u00f6kenli vatanda\u015f\u0131n ya\u015fad\u0131\u011f\u0131n\u0131 belirtti. Karaka\u015f, konu\u015fmas\u0131nda &#8220;Karadeniz sadece bir co\u011frafya de\u011fildir, Karadeniz emektir, al\u0131n teridir, payla\u015fmakt\u0131r. Hamsi ise bu k\u00fclt\u00fcr\u00fcn en b\u00fcy\u00fck simgelerinden biridir. Bug\u00fcn burada sadece bir \u015f\u00f6len i\u00e7in de\u011fil; k\u00fclt\u00fcrlerin bulu\u015ftu\u011fu, dostluklar\u0131n peki\u015fti\u011fi, birlik ve beraberli\u011fin g\u00fc\u00e7lendi\u011fi \u00f6zel bir g\u00fcnde bir araya geldik&#8221; dedi.<br \/>\n<br \/>Etkinli\u011fin as\u0131l zenginli\u011finin farkl\u0131 b\u00f6lgelerden insanlar\u0131n ayn\u0131 sofrada bulu\u015fabilmesi oldu\u011funu vurgulayan Karaka\u015f, yakla\u015fan Ramazan ay\u0131 i\u00e7in de birlik temennisinde bulundu. Konu\u015fmas\u0131nda b\u00f6lge tar\u0131m\u0131na katk\u0131 sa\u011flayan isimleri de anan Karaka\u015f, Karadeniz\u2019de \u00e7ay ve narenciye yeti\u015ftiricili\u011finin \u00f6nc\u00fclerine rahmet diledi. Organizasyonun ger\u00e7ekle\u015fmesinde eme\u011fi ge\u00e7enlere te\u015fekk\u00fcr eden Karaka\u015f, Mu\u011fla Valisi \u0130dris Akb\u0131y\u0131k, Mu\u011fla B\u00fcy\u00fck\u015fehir Belediye Ba\u015fkan\u0131 Ahmet Aras, Mente\u015fe Kaymakam\u0131 Mehmet Eri\u015f ve Mente\u015fe Belediye Ba\u015fkan\u0131 Gonca K\u00f6ksal Aras ba\u015fta olmak \u00fczere t\u00fcm destek\u00e7ilere \u015f\u00fckranlar\u0131n\u0131 sundu. \u015e\u00f6len, hamsi ikram\u0131n\u0131n ard\u0131ndan horonlar ve yerel etkinliklerle g\u00fcn boyu ne\u015fe i\u00e7inde devam etti.<br \/><\/p>\n","protected":false},"excerpt":{"rendered":"<p>Mu\u011fla\u2019da d\u00fczenlenen 2. Geleneksel Hamsi \u015e\u00f6leni\u2019nde vatanda\u015flara 5 ton hamsi da\u011f\u0131t\u0131ld\u0131. Mu\u011fla Karadenizliler Derne\u011fi taraf\u0131ndan organize edilen etkinlikte, Ege ve Karadeniz k\u00fclt\u00fcr\u00fc bir araya gelerek birlik ve beraberlik mesaj\u0131 verdi. Mu\u011fla B\u00fcy\u00fck\u015fehir Belediyesi, Mente\u015fe Belediyesi ve Mu\u011fla Karadenizliler Derne\u011fi i\u015f birli\u011fiyle d\u00fczenlenen hamsi festivali, yo\u011fun bir kat\u0131l\u0131mla ger\u00e7ekle\u015fti. &#8220;Yery\u00fcz\u00fc cenneti&#8221; Mu\u011fla\u2019da Karadeniz k\u00fclt\u00fcr\u00fcn\u00fc ya\u015fatmak amac\u0131yla&#8230;<\/p>\n","protected":false},"author":1,"featured_media":87777,"comment_status":"open","ping_status":"open","sticky":false,"template":"","format":"standard","meta":{"_crdt_document":"","footnotes":""},"categories":[1],"tags":[],"class_list":["post-87776","post","type-post","status-publish","format-standard","has-post-thumbnail","hentry","category-guncel"],"_links":{"self":[{"href":"https:\/\/www.egemtv.com\/index.php?rest_route=\/wp\/v2\/posts\/87776","targetHints":{"allow":["GET"]}}],"collection":[{"href":"https:\/\/www.egemtv.com\/index.php?rest_route=\/wp\/v2\/posts"}],"about":[{"href":"https:\/\/www.egemtv.com\/index.php?rest_route=\/wp\/v2\/types\/post"}],"author":[{"embeddable":true,"href":"https:\/\/www.egemtv.com\/index.php?rest_route=\/wp\/v2\/users\/1"}],"replies":[{"embeddable":true,"href":"https:\/\/www.egemtv.com\/index.php?rest_route=%2Fwp%2Fv2%2Fcomments&post=87776"}],"version-history":[{"count":1,"href":"https:\/\/www.egemtv.com\/index.php?rest_route=\/wp\/v2\/posts\/87776\/revisions"}],"predecessor-version":[{"id":87778,"href":"https:\/\/www.egemtv.com\/index.php?rest_route=\/wp\/v2\/posts\/87776\/revisions\/87778"}],"wp:featuredmedia":[{"embeddable":true,"href":"https:\/\/www.egemtv.com\/index.php?rest_route=\/wp\/v2\/media\/87777"}],"wp:attachment":[{"href":"https:\/\/www.egemtv.com\/index.php?rest_route=%2Fwp%2Fv2%2Fmedia&parent=87776"}],"wp:term":[{"taxonomy":"category","embeddable":true,"href":"https:\/\/www.egemtv.com\/index.php?rest_route=%2Fwp%2Fv2%2Fcategories&post=87776"},{"taxonomy":"post_tag","embeddable":true,"href":"https:\/\/www.egemtv.com\/index.php?rest_route=%2Fwp%2Fv2%2Ftags&post=87776"}],"curies":[{"name":"wp","href":"https:\/\/api.w.org\/{rel}","templated":true}]}}