{"id":87773,"date":"2026-02-14T15:15:00","date_gmt":"2026-02-14T12:15:00","guid":{"rendered":"https:\/\/www.egemtv.com\/?p=87773"},"modified":"2026-02-14T15:15:01","modified_gmt":"2026-02-14T12:15:01","slug":"saphane-kaymakami-boztastan-duzenli-kan-bagisi-cagrisi","status":"publish","type":"post","link":"https:\/\/www.egemtv.com\/?p=87773","title":{"rendered":"\u015eaphane Kaymakam\u0131 Bozta\u015f\u2019tan d\u00fczenli kan ba\u011f\u0131\u015f\u0131 \u00e7a\u011fr\u0131s\u0131"},"content":{"rendered":"<p>\u015eaphane Kaymakam\u0131 Davut Bozta\u015f, T\u00fcrk K\u0131z\u0131lay taraf\u0131ndan il\u00e7ede d\u00fczenlenen kan ba\u011f\u0131\u015f\u0131 kampanyas\u0131 kapsam\u0131nda K\u0131z\u0131lay kan alma noktas\u0131n\u0131 ziyaret etti.<br \/>\n<br \/>AK Parti \u0130l\u00e7e Ba\u015fkan\u0131 \u0130brahim Tokyay ile birlikte ger\u00e7ekle\u015ftirilen ziyarette y\u00fcr\u00fct\u00fclen \u00e7al\u0131\u015fmalar hakk\u0131nda yetkililerden bilgi alan Kaymakam Bozta\u015f, kan ba\u011f\u0131\u015f\u0131n\u0131n hayat kurtaran \u00f6nemine dikkat \u00e7ekerek t\u00fcm vatanda\u015flar\u0131 d\u00fczenli kan ba\u011f\u0131\u015f\u0131nda bulunmaya davet etti.<br \/>\n<br \/>Bozta\u015f, toplumsal dayan\u0131\u015fman\u0131n en g\u00fczel \u00f6rneklerinden biri olan kan ba\u011f\u0131\u015f\u0131 kampanyas\u0131na destek veren g\u00f6n\u00fcll\u00fclere te\u015fekk\u00fcr etti.<br \/><\/p>\n","protected":false},"excerpt":{"rendered":"<p>\u015eaphane Kaymakam\u0131 Davut Bozta\u015f, T\u00fcrk K\u0131z\u0131lay taraf\u0131ndan il\u00e7ede d\u00fczenlenen kan ba\u011f\u0131\u015f\u0131 kampanyas\u0131 kapsam\u0131nda K\u0131z\u0131lay kan alma noktas\u0131n\u0131 ziyaret etti. AK Parti \u0130l\u00e7e Ba\u015fkan\u0131 \u0130brahim Tokyay ile birlikte ger\u00e7ekle\u015ftirilen ziyarette y\u00fcr\u00fct\u00fclen \u00e7al\u0131\u015fmalar hakk\u0131nda yetkililerden bilgi alan Kaymakam Bozta\u015f, kan ba\u011f\u0131\u015f\u0131n\u0131n hayat kurtaran \u00f6nemine dikkat \u00e7ekerek t\u00fcm vatanda\u015flar\u0131 d\u00fczenli kan ba\u011f\u0131\u015f\u0131nda bulunmaya davet etti. Bozta\u015f, toplumsal dayan\u0131\u015fman\u0131n&#8230;<\/p>\n","protected":false},"author":1,"featured_media":87774,"comment_status":"open","ping_status":"open","sticky":false,"template":"","format":"standard","meta":{"_crdt_document":"","footnotes":""},"categories":[123],"tags":[],"class_list":["post-87773","post","type-post","status-publish","format-standard","has-post-thumbnail","hentry","category-gundem"],"_links":{"self":[{"href":"https:\/\/www.egemtv.com\/index.php?rest_route=\/wp\/v2\/posts\/87773","targetHints":{"allow":["GET"]}}],"collection":[{"href":"https:\/\/www.egemtv.com\/index.php?rest_route=\/wp\/v2\/posts"}],"about":[{"href":"https:\/\/www.egemtv.com\/index.php?rest_route=\/wp\/v2\/types\/post"}],"author":[{"embeddable":true,"href":"https:\/\/www.egemtv.com\/index.php?rest_route=\/wp\/v2\/users\/1"}],"replies":[{"embeddable":true,"href":"https:\/\/www.egemtv.com\/index.php?rest_route=%2Fwp%2Fv2%2Fcomments&post=87773"}],"version-history":[{"count":1,"href":"https:\/\/www.egemtv.com\/index.php?rest_route=\/wp\/v2\/posts\/87773\/revisions"}],"predecessor-version":[{"id":87775,"href":"https:\/\/www.egemtv.com\/index.php?rest_route=\/wp\/v2\/posts\/87773\/revisions\/87775"}],"wp:featuredmedia":[{"embeddable":true,"href":"https:\/\/www.egemtv.com\/index.php?rest_route=\/wp\/v2\/media\/87774"}],"wp:attachment":[{"href":"https:\/\/www.egemtv.com\/index.php?rest_route=%2Fwp%2Fv2%2Fmedia&parent=87773"}],"wp:term":[{"taxonomy":"category","embeddable":true,"href":"https:\/\/www.egemtv.com\/index.php?rest_route=%2Fwp%2Fv2%2Fcategories&post=87773"},{"taxonomy":"post_tag","embeddable":true,"href":"https:\/\/www.egemtv.com\/index.php?rest_route=%2Fwp%2Fv2%2Ftags&post=87773"}],"curies":[{"name":"wp","href":"https:\/\/api.w.org\/{rel}","templated":true}]}}