{"id":87770,"date":"2026-02-14T14:55:51","date_gmt":"2026-02-14T11:55:51","guid":{"rendered":"https:\/\/www.egemtv.com\/?p=87770"},"modified":"2026-02-14T14:55:51","modified_gmt":"2026-02-14T11:55:51","slug":"bir-mahalle-daha-saglikli-ve-kesintisiz-icme-suyuna-kavusuyor","status":"publish","type":"post","link":"https:\/\/www.egemtv.com\/?p=87770","title":{"rendered":"Bir mahalle daha sa\u011fl\u0131kl\u0131 ve kesintisiz i\u00e7me suyuna kavu\u015fuyor"},"content":{"rendered":"<p>Manisa Su ve Kanalizasyon \u0130daresi (MASK\u0130) Genel M\u00fcd\u00fcrl\u00fc\u011f\u00fc, G\u00f6lmarmara il\u00e7esine ba\u011fl\u0131 Yenik\u00f6y Mahallesi\u2019nde yeni a\u00e7\u0131lan sondaj kuyusunun terfi hatt\u0131 d\u00f6\u015feme \u00e7al\u0131\u015fmalar\u0131na ba\u015flad\u0131. 800 metrelik terfi hatt\u0131 d\u00f6\u015feme \u00e7al\u0131\u015fmalar\u0131n\u0131n tamamlanmas\u0131yla birlikte, hanelerin daha sa\u011fl\u0131kl\u0131 ve kesintisiz i\u00e7me suyuna kavu\u015faca\u011f\u0131 belirtildi.<br \/>\n<br \/>Vatanda\u015flara daha sa\u011fl\u0131kl\u0131 ve verimli i\u00e7me suyu imkan\u0131 sa\u011flamak i\u00e7in yat\u0131r\u0131mlar\u0131n\u0131 s\u00fcrd\u00fcren MASK\u0130 Genel M\u00fcd\u00fcrl\u00fc\u011f\u00fc, G\u00f6lmarmara il\u00e7esine ba\u011fl\u0131 Yenik\u00f6y Mahallesi\u2019nde yeni a\u00e7\u0131lan sondaj\u0131n ba\u011flant\u0131s\u0131n\u0131n yap\u0131lmas\u0131 i\u00e7in 800 metrelik i\u00e7me suyu terfi hatt\u0131 d\u00f6\u015feme \u00e7al\u0131\u015fmas\u0131na ba\u015flad\u0131.<br \/>\n<br \/>Terfi hatt\u0131 d\u00f6\u015feme \u00e7al\u0131\u015fmalar\u0131n\u0131n en k\u0131sa s\u00fcrede tamamlanaca\u011f\u0131n\u0131 belirten G\u00f6lmarmara MASK\u0130 \u0130l\u00e7e \u015eefi Erdem \u00d6zer, &#8220;Yenik\u00f6y Mahallemizde ya\u015fanan i\u00e7me suyu konusunda muhtar\u0131m\u0131z\u0131n bir talebi olmu\u015ftu. B\u00fcy\u00fck\u015fehir Belediye Ba\u015fkan\u0131m\u0131z Besim Dutlulu\u2019nun da talimatlar\u0131yla yap\u0131lan incelemelerin ard\u0131ndan \u0130\u00e7me Suyu Dairesi Ba\u015fkanl\u0131\u011f\u0131 olarak mahallemize yeni sondaj kuyumuzu kazand\u0131rd\u0131k. Gerekli inceleme ve numune i\u015flemlerinin ard\u0131ndan hay\u0131rl\u0131s\u0131yla 800 metrelik yeni terfi hatt\u0131m\u0131z\u0131n d\u00f6\u015feme \u00e7al\u0131\u015fmalar\u0131na ba\u015flad\u0131k. En k\u0131sa s\u00fcrede de \u00e7al\u0131\u015fmalar\u0131m\u0131z\u0131 tamamlayarak mahallemize sa\u011fl\u0131kl\u0131 ve kesintisiz i\u00e7me suyunu kavu\u015fturmu\u015f olaca\u011f\u0131z&#8221; dedi.<br \/>\n<br \/>Su konusunda sorunlar ya\u015fad\u0131klar\u0131n\u0131 dile getiren Yenik\u00f6y Mahalle Muhtar\u0131 Dilaver \u00c7etin, &#8220;Mahallemize i\u00e7me suyu sa\u011flayan sondaj kuyumuzun yetersiz olmas\u0131ndan dolay\u0131 \u00f6zellikle yaz aylar\u0131nda ciddi s\u0131k\u0131nt\u0131lar ya\u015f\u0131yorduk. K\u0131rsal bir mahalle oldu\u011fumuz i\u00e7in ba\u011fdan bah\u00e7eden gelen vatanda\u015flar\u0131m\u0131z s\u00fcrekli su s\u0131k\u0131nt\u0131s\u0131yla kar\u015f\u0131 kar\u015f\u0131ya kal\u0131yordu. \u00d6zellikle son zamanlarda su yetersizli\u011finin yan\u0131nda patlak ve ar\u0131zalarda meydana gelemeye ba\u015flad\u0131. Bu nedenle MASK\u0130 Genel M\u00fcd\u00fcrl\u00fc\u011f\u00fcne yeni sondaj a\u00e7\u0131lmas\u0131 i\u00e7in talepte bulunduk. Sa\u011f olsun B\u00fcy\u00fck\u015fehir Belediye Ba\u015fkan\u0131m\u0131z Besim Dutlulu talebimizi geri \u00e7evirmedi. K\u0131sa s\u00fcre i\u00e7erisinde sondaj kuyumuz daha verimli bir \u015fekilde a\u00e7\u0131ld\u0131. 800 metrelik yeni terfi hatt\u0131m\u0131z\u0131n d\u00f6\u015femeleri ba\u015flad\u0131. \u0130n\u015fallah en k\u0131sa s\u00fcre de de \u00e7al\u0131\u015fmalar tamamlanarak yeni suyumuza kavu\u015furuz. Ben ve mahallem ad\u0131na Ba\u015fkan\u0131m\u0131z Besim Dutlulu ve ekibine \u00e7ok te\u015fekk\u00fcr ediyorum&#8221; dedi.<br \/>\n<br \/>Yenik\u00f6y Mahalle sakinlerinden Arif Alt\u0131nova ise, &#8220;Mahallemizin en b\u00fcy\u00fck problemlerinden bir tanesi i\u00e7me suyuydu. Allah raz\u0131 olsun B\u00fcy\u00fck\u015fehir Belediyemiz sorunumuza kulak vererek k\u00f6kten \u00e7\u00f6z\u00fcm \u00fcretti. Tarladan, bah\u00e7eden geliyoruz sular kesik. \u0130\u00e7me suyunu b\u0131rak\u0131n elimizi y\u00fcz\u00fcm\u00fcz\u00fc y\u0131kayacak suyu bulam\u0131yorduk. Bir dilek\u00e7e ile hemen gelip yeni sondaj kuyumuzu a\u00e7t\u0131lar. \u015eu anda yeni sondaj\u0131m\u0131z\u0131n terfi hatt\u0131 d\u00f6\u015feme i\u015fini yap\u0131yorlar. Ba\u015fta Besim Dutlulu Ba\u015fkan\u0131m\u0131z olmak \u00fczere eme\u011fi ge\u00e7enlerden Allah raz\u0131 olsun&#8221; dedi.<br \/><\/p>\n","protected":false},"excerpt":{"rendered":"<p>Manisa Su ve Kanalizasyon \u0130daresi (MASK\u0130) Genel M\u00fcd\u00fcrl\u00fc\u011f\u00fc, G\u00f6lmarmara il\u00e7esine ba\u011fl\u0131 Yenik\u00f6y Mahallesi\u2019nde yeni a\u00e7\u0131lan sondaj kuyusunun terfi hatt\u0131 d\u00f6\u015feme \u00e7al\u0131\u015fmalar\u0131na ba\u015flad\u0131. 800 metrelik terfi hatt\u0131 d\u00f6\u015feme \u00e7al\u0131\u015fmalar\u0131n\u0131n tamamlanmas\u0131yla birlikte, hanelerin daha sa\u011fl\u0131kl\u0131 ve kesintisiz i\u00e7me suyuna kavu\u015faca\u011f\u0131 belirtildi. Vatanda\u015flara daha sa\u011fl\u0131kl\u0131 ve verimli i\u00e7me suyu imkan\u0131 sa\u011flamak i\u00e7in yat\u0131r\u0131mlar\u0131n\u0131 s\u00fcrd\u00fcren MASK\u0130 Genel M\u00fcd\u00fcrl\u00fc\u011f\u00fc, G\u00f6lmarmara&#8230;<\/p>\n","protected":false},"author":1,"featured_media":87771,"comment_status":"open","ping_status":"open","sticky":false,"template":"","format":"standard","meta":{"_crdt_document":"","footnotes":""},"categories":[1],"tags":[],"class_list":["post-87770","post","type-post","status-publish","format-standard","has-post-thumbnail","hentry","category-guncel"],"_links":{"self":[{"href":"https:\/\/www.egemtv.com\/index.php?rest_route=\/wp\/v2\/posts\/87770","targetHints":{"allow":["GET"]}}],"collection":[{"href":"https:\/\/www.egemtv.com\/index.php?rest_route=\/wp\/v2\/posts"}],"about":[{"href":"https:\/\/www.egemtv.com\/index.php?rest_route=\/wp\/v2\/types\/post"}],"author":[{"embeddable":true,"href":"https:\/\/www.egemtv.com\/index.php?rest_route=\/wp\/v2\/users\/1"}],"replies":[{"embeddable":true,"href":"https:\/\/www.egemtv.com\/index.php?rest_route=%2Fwp%2Fv2%2Fcomments&post=87770"}],"version-history":[{"count":1,"href":"https:\/\/www.egemtv.com\/index.php?rest_route=\/wp\/v2\/posts\/87770\/revisions"}],"predecessor-version":[{"id":87772,"href":"https:\/\/www.egemtv.com\/index.php?rest_route=\/wp\/v2\/posts\/87770\/revisions\/87772"}],"wp:featuredmedia":[{"embeddable":true,"href":"https:\/\/www.egemtv.com\/index.php?rest_route=\/wp\/v2\/media\/87771"}],"wp:attachment":[{"href":"https:\/\/www.egemtv.com\/index.php?rest_route=%2Fwp%2Fv2%2Fmedia&parent=87770"}],"wp:term":[{"taxonomy":"category","embeddable":true,"href":"https:\/\/www.egemtv.com\/index.php?rest_route=%2Fwp%2Fv2%2Fcategories&post=87770"},{"taxonomy":"post_tag","embeddable":true,"href":"https:\/\/www.egemtv.com\/index.php?rest_route=%2Fwp%2Fv2%2Ftags&post=87770"}],"curies":[{"name":"wp","href":"https:\/\/api.w.org\/{rel}","templated":true}]}}