{"id":87767,"date":"2026-02-14T14:55:49","date_gmt":"2026-02-14T11:55:49","guid":{"rendered":"https:\/\/www.egemtv.com\/?p=87767"},"modified":"2026-02-14T14:55:50","modified_gmt":"2026-02-14T11:55:50","slug":"baskan-dutluludan-manisanin-gelecegine-iki-vizyon-imza","status":"publish","type":"post","link":"https:\/\/www.egemtv.com\/?p=87767","title":{"rendered":"Ba\u015fkan Dutlulu\u2019dan Manisa\u2019n\u0131n gelece\u011fine iki vizyon imza"},"content":{"rendered":"<p>Manisa B\u00fcy\u00fck\u015fehir Belediye Ba\u015fkan\u0131 Besim Dutlulu, kentin s\u00fcrd\u00fcr\u00fclebilir enerji ve kapsay\u0131c\u0131 b\u00fcy\u00fcme stratejileri i\u00e7in iki b\u00fcy\u00fck k\u00fcresel a\u011fa kat\u0131l\u0131m sa\u011flad\u0131. Ba\u015fkan Dutlulu\u2019nun att\u0131\u011f\u0131 imzalarla Manisa, GCoM ve OECD b\u00fcnyesindeki lider \u015fehirler aras\u0131na girdi.<br \/>\n<br \/>Manisa B\u00fcy\u00fck\u015fehir Belediyesi, kentin gelece\u011fini \u015fekillendirecek uluslararas\u0131 ad\u0131mlar\u0131na yenilerini ekledi. B\u00fcy\u00fck\u015fehir Belediye Ba\u015fkan\u0131 Besim Dutlulu, iklim kriziyle m\u00fccadeleyi oda\u011fa alan Belediye Ba\u015fkanlar\u0131 K\u00fcresel \u0130klim ve Enerji S\u00f6zle\u015fmesi (GCoM) ile sosyal e\u015fitli\u011fi hedefleyen Ekonomik \u0130\u015f Birli\u011fi ve Kalk\u0131nma \u00d6rg\u00fct\u00fc (OECD) Kapsay\u0131c\u0131 B\u00fcy\u00fcme i\u00e7in \u00d6nc\u00fc Belediye Ba\u015fkanlar\u0131 Giri\u015fimi protokollerini imzalayarak kat\u0131l\u0131m s\u00fcrecini tamamlad\u0131.<br \/>\n<br \/>Ba\u015fkan Dutlulu\u2019nun kat\u0131l\u0131m sa\u011flad\u0131\u011f\u0131 GCoM s\u00fcreci, Manisa\u2019n\u0131n 2050 y\u0131l\u0131na kadar &#8220;net-s\u0131f\u0131r&#8221; vizyonuyla hareket etmesini ve iklim krizine kar\u015f\u0131 diren\u00e7li bir kent haline gelmesini hedefliyor. Bu imza ile Manisa, d\u00fcnya genelinde 1,3 milyar insan\u0131 temsil eden yerel y\u00f6netimler a\u011f\u0131n\u0131n bir par\u00e7as\u0131 olarak uluslararas\u0131 finansman ve teknik destek mekanizmalar\u0131na do\u011frudan eri\u015fim hakk\u0131 kazand\u0131.<br \/>\n<br \/>Belediye Ba\u015fkan\u0131 Besim Dutlulu\u2019nun imza att\u0131\u011f\u0131 bir di\u011fer \u00f6nemli protokol ise OECD liderli\u011findeki Kapsay\u0131c\u0131 B\u00fcy\u00fcme i\u00e7in \u00d6nc\u00fc Belediye Giri\u015fimi oldu. Ba\u015fkan Dutlulu\u2019nun bu hamlesiyle Manisa; konut krizi, ya\u015fam maliyetleri ve hizmetlere e\u015fit eri\u015fim gibi konularda d\u00fcnya genelindeki 1.200\u2019den fazla \u015fehrin verilerine ve iyi uygulama modellerine eri\u015febilecek.<\/p>\n<p>Temsil g\u00fcc\u00fc k\u00fcresel platformlara ta\u015f\u0131n\u0131yor<br \/>\n<br \/>At\u0131lan bu imzalar, Manisa B\u00fcy\u00fck\u015fehir Belediye Ba\u015fkan\u0131\u2019na kentin \u00f6nceliklerini k\u00fcresel platformlarda do\u011frudan dile getirme ve uluslararas\u0131 akt\u00f6rlerle i\u015f birli\u011fi geli\u015ftirme yetkisi tan\u0131yor. Ba\u015fkan Dutlulu, bu iki kat\u0131l\u0131m\u0131n Manisa\u2019n\u0131n hem \u00e7evresel s\u00fcrd\u00fcr\u00fclebilirlik hem de sosyal adalet hedeflerini uluslararas\u0131 d\u00fczeyde tescilledi\u011fini vurgulad\u0131.<\/p>\n<p>&#8220;Hi\u00e7bir yurtta\u015f\u0131m\u0131z\u0131 geride b\u0131rakmayaca\u011f\u0131z&#8221;<br \/>\n<br \/>At\u0131lan imzalar\u0131n ard\u0131ndan s\u00fcrece ili\u015fkin de\u011ferlendirmede bulunan Manisa B\u00fcy\u00fck\u015fehir Belediye Ba\u015fkan\u0131 Besim Dutlulu, &#8220;Manisa\u2019m\u0131z\u0131 sadece bug\u00fcn\u00fcn de\u011fil, gelece\u011fin de lider \u015fehirlerinden biri yapmak i\u00e7in iki \u00f6nemli imza att\u0131k. GCoM (K\u00fcresel Belediye Ba\u015fkanlar\u0131 \u0130klim ve Enerji S\u00f6zle\u015fmesi) ile 2050 net-s\u0131f\u0131r emisyon hedefimiz do\u011frultusunda iklim krizine kar\u015f\u0131 diren\u00e7li, temiz enerjili bir \u015fehir s\u00f6z\u00fc verdik. OECD \u00d6nc\u00fc Belediye Ba\u015fkanlar\u0131 Giri\u015fimi ile e\u011fitimden konuta, sa\u011fl\u0131ktan istihdama kadar \u2018her alanda kapsay\u0131c\u0131 b\u00fcy\u00fcme\u2019 diyerek hi\u00e7bir yurtta\u015f\u0131m\u0131z\u0131 geride b\u0131rakmayaca\u011f\u0131m\u0131z\u0131 tescilledik. D\u00fcnyan\u0131n en b\u00fcy\u00fck \u015fehir ittifaklar\u0131yla omuz omuza daha ye\u015fil, daha adil ve daha ya\u015fanabilir bir Manisa i\u00e7in \u00e7al\u0131\u015fmaya devam edece\u011fiz&#8221; diye konu\u015ftu.<br \/><\/p>\n","protected":false},"excerpt":{"rendered":"<p>Manisa B\u00fcy\u00fck\u015fehir Belediye Ba\u015fkan\u0131 Besim Dutlulu, kentin s\u00fcrd\u00fcr\u00fclebilir enerji ve kapsay\u0131c\u0131 b\u00fcy\u00fcme stratejileri i\u00e7in iki b\u00fcy\u00fck k\u00fcresel a\u011fa kat\u0131l\u0131m sa\u011flad\u0131. Ba\u015fkan Dutlulu\u2019nun att\u0131\u011f\u0131 imzalarla Manisa, GCoM ve OECD b\u00fcnyesindeki lider \u015fehirler aras\u0131na girdi. Manisa B\u00fcy\u00fck\u015fehir Belediyesi, kentin gelece\u011fini \u015fekillendirecek uluslararas\u0131 ad\u0131mlar\u0131na yenilerini ekledi. B\u00fcy\u00fck\u015fehir Belediye Ba\u015fkan\u0131 Besim Dutlulu, iklim kriziyle m\u00fccadeleyi oda\u011fa alan Belediye Ba\u015fkanlar\u0131&#8230;<\/p>\n","protected":false},"author":1,"featured_media":87768,"comment_status":"open","ping_status":"open","sticky":false,"template":"","format":"standard","meta":{"_crdt_document":"","footnotes":""},"categories":[1],"tags":[],"class_list":["post-87767","post","type-post","status-publish","format-standard","has-post-thumbnail","hentry","category-guncel"],"_links":{"self":[{"href":"https:\/\/www.egemtv.com\/index.php?rest_route=\/wp\/v2\/posts\/87767","targetHints":{"allow":["GET"]}}],"collection":[{"href":"https:\/\/www.egemtv.com\/index.php?rest_route=\/wp\/v2\/posts"}],"about":[{"href":"https:\/\/www.egemtv.com\/index.php?rest_route=\/wp\/v2\/types\/post"}],"author":[{"embeddable":true,"href":"https:\/\/www.egemtv.com\/index.php?rest_route=\/wp\/v2\/users\/1"}],"replies":[{"embeddable":true,"href":"https:\/\/www.egemtv.com\/index.php?rest_route=%2Fwp%2Fv2%2Fcomments&post=87767"}],"version-history":[{"count":1,"href":"https:\/\/www.egemtv.com\/index.php?rest_route=\/wp\/v2\/posts\/87767\/revisions"}],"predecessor-version":[{"id":87769,"href":"https:\/\/www.egemtv.com\/index.php?rest_route=\/wp\/v2\/posts\/87767\/revisions\/87769"}],"wp:featuredmedia":[{"embeddable":true,"href":"https:\/\/www.egemtv.com\/index.php?rest_route=\/wp\/v2\/media\/87768"}],"wp:attachment":[{"href":"https:\/\/www.egemtv.com\/index.php?rest_route=%2Fwp%2Fv2%2Fmedia&parent=87767"}],"wp:term":[{"taxonomy":"category","embeddable":true,"href":"https:\/\/www.egemtv.com\/index.php?rest_route=%2Fwp%2Fv2%2Fcategories&post=87767"},{"taxonomy":"post_tag","embeddable":true,"href":"https:\/\/www.egemtv.com\/index.php?rest_route=%2Fwp%2Fv2%2Ftags&post=87767"}],"curies":[{"name":"wp","href":"https:\/\/api.w.org\/{rel}","templated":true}]}}