{"id":87764,"date":"2026-02-14T14:55:47","date_gmt":"2026-02-14T11:55:47","guid":{"rendered":"https:\/\/www.egemtv.com\/?p=87764"},"modified":"2026-02-14T14:55:49","modified_gmt":"2026-02-14T11:55:49","slug":"sehzadeler-belediyesinde-halkla-ic-ice-yonetim","status":"publish","type":"post","link":"https:\/\/www.egemtv.com\/?p=87764","title":{"rendered":"\u015eehzadeler Belediyesinde halkla i\u00e7 i\u00e7e y\u00f6netim"},"content":{"rendered":"<p>\u015eehzadeler Belediye Ba\u015fkan\u0131 Hakan \u015eim\u015fek, CHP \u015eehzadeler \u0130l\u00e7e Ba\u015fkan\u0131 Mert \u00d6zk\u00f6semen ve beraberindeki heyetle birlikte Veziro\u011flu ve Yenik\u00f6y mahallelerinde yurtta\u015flarla bir araya gelerek talep ve \u00f6nerileri dinledi.<br \/>\n<br \/>\u015eehzadeler Belediye Ba\u015fkan\u0131 Hakan \u015eim\u015fek, CHP \u015eehzadeler \u0130l\u00e7e Ba\u015fkan\u0131 Mert \u00d6zk\u00f6semen, belediye ba\u015fkan yard\u0131mc\u0131lar\u0131 ve belediye meclis \u00fcyeleri ile birlikte Veziro\u011flu ve Yenik\u00f6y mahallelerini ziyaret etti. Mahalle sakinleriyle bir araya gelen Ba\u015fkan \u015eim\u015fek, yurtta\u015flar\u0131n talep, \u00f6neri ve beklentilerini dinleyerek \u00e7\u00f6z\u00fcm yollar\u0131 \u00fczerine isti\u015farelerde bulundu. Ziyaretler kapsam\u0131nda vatanda\u015flarla samimi bir ortamda sohbet eden Ba\u015fkan \u015eim\u015fek, mahallelerin mevcut ihtiya\u00e7lar\u0131, altyap\u0131 \u00e7al\u0131\u015fmalar\u0131, sosyal projeler ve belediye hizmetleri hakk\u0131nda g\u00f6r\u00fc\u015f al\u0131\u015fveri\u015finde bulundu. Mahalle sakinlerinin aktard\u0131\u011f\u0131 sorunlar\u0131 tek tek not alan Ba\u015fkan \u015eim\u015fek, \u00e7\u00f6z\u00fcm odakl\u0131 bir y\u00f6netim anlay\u0131\u015f\u0131yla hareket ettiklerini vurgulad\u0131.<br \/>\n<br \/>Halkla birebir temas\u0131n \u00f6nemine dikkat \u00e7eken Ba\u015fkan \u015eim\u015fek, ziyaret s\u0131ras\u0131nda yapt\u0131\u011f\u0131 a\u00e7\u0131klamada \u015fu ifadeleri kulland\u0131: &#8220;\u015eehzadelerimizin her mahallesinde olmaya, hem\u015fehrilerimizin sesine kulak vermeye devam ediyoruz. Vatanda\u015flar\u0131m\u0131z\u0131n taleplerini do\u011frudan kendilerinden dinlemek, do\u011fru ve kal\u0131c\u0131 \u00e7\u00f6z\u00fcmler \u00fcretmemiz a\u00e7\u0131s\u0131ndan b\u00fcy\u00fck \u00f6nem ta\u015f\u0131yor. \u0130l\u00e7e Ba\u015fkan\u0131m\u0131z, meclis \u00fcyelerimiz ve ekip arkada\u015flar\u0131m\u0131zla birlikte, \u015eehzadeler i\u00e7in en do\u011fru ad\u0131mlar\u0131 atmak ad\u0131na ortak ak\u0131lla \u00e7al\u0131\u015f\u0131yoruz.&#8221;<br \/>\n<br \/>CHP \u015eehzadeler \u0130l\u00e7e Ba\u015fkan\u0131 Mert \u00d6zk\u00f6semen de mahalle ziyaretlerinin birlik ve dayan\u0131\u015fmay\u0131 g\u00fc\u00e7lendirdi\u011fini belirterek, yerel y\u00f6netimle vatanda\u015f aras\u0131ndaki ba\u011f\u0131n g\u00fc\u00e7lenmesinin hizmet kalitesini art\u0131rd\u0131\u011f\u0131n\u0131 ifade etti. Ziyaretlerden duyduklar\u0131 memnuniyeti dile getiren mahalle sakinleri ise Ba\u015fkan \u015eim\u015fek ve beraberindeki heyete te\u015fekk\u00fcr ederek, sorunlar\u0131n\u0131n dinlenmesinden ve \u00e7\u00f6z\u00fcm i\u00e7in ad\u0131m at\u0131lmas\u0131ndan duyduklar\u0131 mutlulu\u011fu payla\u015ft\u0131.<br \/><\/p>\n","protected":false},"excerpt":{"rendered":"<p>\u015eehzadeler Belediye Ba\u015fkan\u0131 Hakan \u015eim\u015fek, CHP \u015eehzadeler \u0130l\u00e7e Ba\u015fkan\u0131 Mert \u00d6zk\u00f6semen ve beraberindeki heyetle birlikte Veziro\u011flu ve Yenik\u00f6y mahallelerinde yurtta\u015flarla bir araya gelerek talep ve \u00f6nerileri dinledi. \u015eehzadeler Belediye Ba\u015fkan\u0131 Hakan \u015eim\u015fek, CHP \u015eehzadeler \u0130l\u00e7e Ba\u015fkan\u0131 Mert \u00d6zk\u00f6semen, belediye ba\u015fkan yard\u0131mc\u0131lar\u0131 ve belediye meclis \u00fcyeleri ile birlikte Veziro\u011flu ve Yenik\u00f6y mahallelerini ziyaret etti. Mahalle sakinleriyle&#8230;<\/p>\n","protected":false},"author":1,"featured_media":87765,"comment_status":"open","ping_status":"open","sticky":false,"template":"","format":"standard","meta":{"_crdt_document":"","footnotes":""},"categories":[1],"tags":[],"class_list":["post-87764","post","type-post","status-publish","format-standard","has-post-thumbnail","hentry","category-guncel"],"_links":{"self":[{"href":"https:\/\/www.egemtv.com\/index.php?rest_route=\/wp\/v2\/posts\/87764","targetHints":{"allow":["GET"]}}],"collection":[{"href":"https:\/\/www.egemtv.com\/index.php?rest_route=\/wp\/v2\/posts"}],"about":[{"href":"https:\/\/www.egemtv.com\/index.php?rest_route=\/wp\/v2\/types\/post"}],"author":[{"embeddable":true,"href":"https:\/\/www.egemtv.com\/index.php?rest_route=\/wp\/v2\/users\/1"}],"replies":[{"embeddable":true,"href":"https:\/\/www.egemtv.com\/index.php?rest_route=%2Fwp%2Fv2%2Fcomments&post=87764"}],"version-history":[{"count":1,"href":"https:\/\/www.egemtv.com\/index.php?rest_route=\/wp\/v2\/posts\/87764\/revisions"}],"predecessor-version":[{"id":87766,"href":"https:\/\/www.egemtv.com\/index.php?rest_route=\/wp\/v2\/posts\/87764\/revisions\/87766"}],"wp:featuredmedia":[{"embeddable":true,"href":"https:\/\/www.egemtv.com\/index.php?rest_route=\/wp\/v2\/media\/87765"}],"wp:attachment":[{"href":"https:\/\/www.egemtv.com\/index.php?rest_route=%2Fwp%2Fv2%2Fmedia&parent=87764"}],"wp:term":[{"taxonomy":"category","embeddable":true,"href":"https:\/\/www.egemtv.com\/index.php?rest_route=%2Fwp%2Fv2%2Fcategories&post=87764"},{"taxonomy":"post_tag","embeddable":true,"href":"https:\/\/www.egemtv.com\/index.php?rest_route=%2Fwp%2Fv2%2Ftags&post=87764"}],"curies":[{"name":"wp","href":"https:\/\/api.w.org\/{rel}","templated":true}]}}