{"id":87761,"date":"2026-02-14T14:55:46","date_gmt":"2026-02-14T11:55:46","guid":{"rendered":"https:\/\/www.egemtv.com\/?p=87761"},"modified":"2026-02-14T14:55:47","modified_gmt":"2026-02-14T11:55:47","slug":"emeklilerin-ilac-yuku-manisa-buyuksehir-ile-hafifliyor","status":"publish","type":"post","link":"https:\/\/www.egemtv.com\/?p=87761","title":{"rendered":"Emeklilerin ila\u00e7 y\u00fck\u00fc Manisa B\u00fcy\u00fck\u015fehir ile hafifliyor"},"content":{"rendered":"<p>Manisa B\u00fcy\u00fck\u015fehir Belediyesi ile Manisa Eczac\u0131 Odas\u0131 aras\u0131nda imzalanan protokol\u00fcn ard\u0131ndan, emeklilerin ila\u00e7 katk\u0131 paylar\u0131n\u0131 kar\u015f\u0131layacak \u2018Emekli \u0130la\u00e7 Katk\u0131 Pay\u0131 Destek Program\u0131\u2019n\u0131n ba\u015fvuru \u015fartlar\u0131 belli oldu.<br \/>\n<br \/>Ekonomik zorluklarla m\u00fccadele eden ihtiya\u00e7 sahibi emekli yurtta\u015flar i\u00e7in \u00f6rnek bir sosyal destek projesi olarak \u2018Emekli \u0130la\u00e7 Katk\u0131 Pay\u0131 Destek Program\u0131\u2019 Manisa B\u00fcy\u00fck\u015fehir Belediyesi\u2019nce hayata ge\u00e7irildi. Ba\u015fkan Besim Dutlulu ile Oda Ba\u015fkan\u0131 Duygu Elmas Mutlu\u2019nun protokol imzas\u0131yla ba\u015flayan proje kapsam\u0131nda Manisa B\u00fcy\u00fck\u015fehir Belediyesi, SGK kapsam\u0131nda emeklilerin re\u00e7eteli olarak temin ettikleri ila\u00e7lar i\u00e7in \u00f6dedikleri katk\u0131 paylar\u0131n\u0131 kar\u015f\u0131layacak.<br \/>\n<br \/>Sosyal destekten yararlanmak isteyen ihtiya\u00e7 sahibi vatanda\u015flar; ba\u015fvurular\u0131n\u0131 Manisa B\u00fcy\u00fck\u015fehir Belediyesi resmi internet sitesindeki \u2019Ba\u015fvurular\u2019 b\u00f6l\u00fcm\u00fcnden, https:\/\/seninicin.manisa.bel.tr adresindeki \u2019Destek Al\u2019 k\u0131sm\u0131ndan veya \u2019\u00dcz\u00fcm\u2019 mobil uygulamas\u0131 \u00fczerinden ger\u00e7ekle\u015ftirebilirler. Ba\u015fvurular, sosyal inceleme ve uygunluk de\u011ferlendirmesi sonucunda sonu\u00e7land\u0131r\u0131lacak. Destek program\u0131yla, \u00f6zellikle sabit gelirli emeklilerin sa\u011fl\u0131k hizmetlerine eri\u015fiminin kolayla\u015ft\u0131r\u0131lmas\u0131 ve ekonomik y\u00fcklerinin azalt\u0131lmas\u0131 ama\u00e7lan\u0131yor. Destek program\u0131nda ba\u015fvurular, beyan edilen bilgilerin do\u011frulu\u011fu esas al\u0131narak de\u011ferlendirilecek. Yan\u0131lt\u0131c\u0131 veya eksik bilgi verilmesi halinde ba\u015fvuru ge\u00e7ersiz say\u0131lacak. Ayr\u0131ca uygun g\u00f6r\u00fclen ba\u015fvurular i\u00e7in B\u00fcy\u00fck\u015fehir Belediyesi\u2019nce gerekli g\u00f6r\u00fcld\u00fc\u011f\u00fc durumlarda yerinde inceleme yap\u0131labilecek.<br \/><\/p>\n","protected":false},"excerpt":{"rendered":"<p>Manisa B\u00fcy\u00fck\u015fehir Belediyesi ile Manisa Eczac\u0131 Odas\u0131 aras\u0131nda imzalanan protokol\u00fcn ard\u0131ndan, emeklilerin ila\u00e7 katk\u0131 paylar\u0131n\u0131 kar\u015f\u0131layacak \u2018Emekli \u0130la\u00e7 Katk\u0131 Pay\u0131 Destek Program\u0131\u2019n\u0131n ba\u015fvuru \u015fartlar\u0131 belli oldu. Ekonomik zorluklarla m\u00fccadele eden ihtiya\u00e7 sahibi emekli yurtta\u015flar i\u00e7in \u00f6rnek bir sosyal destek projesi olarak \u2018Emekli \u0130la\u00e7 Katk\u0131 Pay\u0131 Destek Program\u0131\u2019 Manisa B\u00fcy\u00fck\u015fehir Belediyesi\u2019nce hayata ge\u00e7irildi. Ba\u015fkan Besim Dutlulu&#8230;<\/p>\n","protected":false},"author":1,"featured_media":87762,"comment_status":"open","ping_status":"open","sticky":false,"template":"","format":"standard","meta":{"_crdt_document":"","footnotes":""},"categories":[2],"tags":[],"class_list":["post-87761","post","type-post","status-publish","format-standard","has-post-thumbnail","hentry","category-saglik"],"_links":{"self":[{"href":"https:\/\/www.egemtv.com\/index.php?rest_route=\/wp\/v2\/posts\/87761","targetHints":{"allow":["GET"]}}],"collection":[{"href":"https:\/\/www.egemtv.com\/index.php?rest_route=\/wp\/v2\/posts"}],"about":[{"href":"https:\/\/www.egemtv.com\/index.php?rest_route=\/wp\/v2\/types\/post"}],"author":[{"embeddable":true,"href":"https:\/\/www.egemtv.com\/index.php?rest_route=\/wp\/v2\/users\/1"}],"replies":[{"embeddable":true,"href":"https:\/\/www.egemtv.com\/index.php?rest_route=%2Fwp%2Fv2%2Fcomments&post=87761"}],"version-history":[{"count":1,"href":"https:\/\/www.egemtv.com\/index.php?rest_route=\/wp\/v2\/posts\/87761\/revisions"}],"predecessor-version":[{"id":87763,"href":"https:\/\/www.egemtv.com\/index.php?rest_route=\/wp\/v2\/posts\/87761\/revisions\/87763"}],"wp:featuredmedia":[{"embeddable":true,"href":"https:\/\/www.egemtv.com\/index.php?rest_route=\/wp\/v2\/media\/87762"}],"wp:attachment":[{"href":"https:\/\/www.egemtv.com\/index.php?rest_route=%2Fwp%2Fv2%2Fmedia&parent=87761"}],"wp:term":[{"taxonomy":"category","embeddable":true,"href":"https:\/\/www.egemtv.com\/index.php?rest_route=%2Fwp%2Fv2%2Fcategories&post=87761"},{"taxonomy":"post_tag","embeddable":true,"href":"https:\/\/www.egemtv.com\/index.php?rest_route=%2Fwp%2Fv2%2Ftags&post=87761"}],"curies":[{"name":"wp","href":"https:\/\/api.w.org\/{rel}","templated":true}]}}