{"id":87758,"date":"2026-02-14T14:34:55","date_gmt":"2026-02-14T11:34:55","guid":{"rendered":"https:\/\/www.egemtv.com\/?p=87758"},"modified":"2026-02-14T14:34:56","modified_gmt":"2026-02-14T11:34:56","slug":"sokede-belediye-ekipleri-dort-bir-yanda-mucadele-ediyor","status":"publish","type":"post","link":"https:\/\/www.egemtv.com\/?p=87758","title":{"rendered":"S\u00f6ke\u2019de Belediye ekipleri d\u00f6rt bir yanda m\u00fccadele ediyor"},"content":{"rendered":"<p>Ayd\u0131n\u2019\u0131n S\u00f6ke il\u00e7esinde etkili olan a\u015f\u0131r\u0131 ya\u011f\u0131\u015flar\u0131n ard\u0131ndan meydana gelen sel ve su bask\u0131nlar\u0131na kar\u015f\u0131 S\u00f6ke Belediyesi ekipleri sabah\u0131n erken saatlerinden itibaren sahada yo\u011fun \u00e7al\u0131\u015fma ba\u015flatt\u0131.<br \/>\n<br \/>B\u00f6lgede etkili olan a\u015f\u0131r\u0131 ya\u011f\u0131\u015flar\u0131n ard\u0131ndan meydana gelen sel ve su bask\u0131nlar\u0131 nedeniyle gece boyunca teyakkuzda olan S\u00f6ke Belediyesi ekipleri, sabah\u0131n erken saatlerinden itibaren sahada yo\u011fun bir \u00e7al\u0131\u015fma ba\u015flatt\u0131. Ta\u015fk\u0131n ya\u015fanan b\u00f6lgelerde su tahliyesi, \u00e7amur temizli\u011fi ve hasar tespit \u00e7al\u0131\u015fmalar\u0131 e\u015f zamanl\u0131 olarak y\u00fcr\u00fct\u00fcl\u00fcyor. Baz\u0131 noktalarda dere ve sulama kanallar\u0131n\u0131n ta\u015fmas\u0131 sonucu olu\u015fan su bask\u0131nlar\u0131n\u0131n izlerini silmek i\u00e7in ekipler aral\u0131ks\u0131z mesai harc\u0131yor. \u00d6zellikle Asri Mezarl\u0131k \u00fcst kesimindeki da\u011fl\u0131k alandan gelen \u00e7amur ve kaya par\u00e7alar\u0131n\u0131n su yollar\u0131 ile dere yataklar\u0131n\u0131 t\u0131kamas\u0131 sonucu ya\u015fanan ta\u015fk\u0131n, b\u00f6lgede hasara yol a\u00e7t\u0131. Mezarl\u0131k i\u00e7erisinde biriken sular\u0131n tahliyesi ve \u00e7amur temizli\u011fi i\u00e7in kapsaml\u0131 bir \u00e7al\u0131\u015fma ba\u015flat\u0131ld\u0131. Di\u011fer taraftan S\u00f6ke\u2019nin Yenikent Mahallesi ba\u015fta olmak \u00fczere Argavl\u0131 ve Sazl\u0131 mahallelerinde de sel ve su bask\u0131nlar\u0131ndan etkilenen alanlarda yo\u011fun m\u00fcdahale ger\u00e7ekle\u015ftiriliyor. Yenikent Mahallesi\u2019nde baz\u0131 b\u00f6lgelerde toprak kaymas\u0131 meydana geldi\u011fi belirtilirken, kapanan yollar\u0131n yeniden ula\u015f\u0131ma a\u00e7\u0131lmas\u0131 i\u00e7in i\u015f makineleriyle \u00e7al\u0131\u015fma yap\u0131ld\u0131. S\u00f6ke Belediyesi ekiplerine Ayd\u0131n B\u00fcy\u00fck\u015fehir Belediyesi ekipleri de destek verirken, Ba\u015fkan Vekili \u015eakir G\u00fclmez belediye daire m\u00fcd\u00fcrleri ile birlikte afet b\u00f6lgelerinde incelemelerde bulundu. Yetkililer, riskli alanlarda \u00f6nleyici tedbirlerin art\u0131r\u0131ld\u0131\u011f\u0131n\u0131 ve \u00e7al\u0131\u015fmalar\u0131n aral\u0131ks\u0131z s\u00fcrd\u00fc\u011f\u00fcn\u00fc bildirdi. Vatanda\u015flara ise muhtemel yeni ya\u011f\u0131\u015flara kar\u015f\u0131 dikkatli olmalar\u0131 ve resmi uyar\u0131lar\u0131 takip etmeleri \u00e7a\u011fr\u0131s\u0131nda bulunuldu.<br \/><\/p>\n","protected":false},"excerpt":{"rendered":"<p>Ayd\u0131n\u2019\u0131n S\u00f6ke il\u00e7esinde etkili olan a\u015f\u0131r\u0131 ya\u011f\u0131\u015flar\u0131n ard\u0131ndan meydana gelen sel ve su bask\u0131nlar\u0131na kar\u015f\u0131 S\u00f6ke Belediyesi ekipleri sabah\u0131n erken saatlerinden itibaren sahada yo\u011fun \u00e7al\u0131\u015fma ba\u015flatt\u0131. B\u00f6lgede etkili olan a\u015f\u0131r\u0131 ya\u011f\u0131\u015flar\u0131n ard\u0131ndan meydana gelen sel ve su bask\u0131nlar\u0131 nedeniyle gece boyunca teyakkuzda olan S\u00f6ke Belediyesi ekipleri, sabah\u0131n erken saatlerinden itibaren sahada yo\u011fun bir \u00e7al\u0131\u015fma ba\u015flatt\u0131&#8230;.<\/p>\n","protected":false},"author":1,"featured_media":87759,"comment_status":"open","ping_status":"open","sticky":false,"template":"","format":"standard","meta":{"_crdt_document":"","footnotes":""},"categories":[1],"tags":[],"class_list":["post-87758","post","type-post","status-publish","format-standard","has-post-thumbnail","hentry","category-guncel"],"_links":{"self":[{"href":"https:\/\/www.egemtv.com\/index.php?rest_route=\/wp\/v2\/posts\/87758","targetHints":{"allow":["GET"]}}],"collection":[{"href":"https:\/\/www.egemtv.com\/index.php?rest_route=\/wp\/v2\/posts"}],"about":[{"href":"https:\/\/www.egemtv.com\/index.php?rest_route=\/wp\/v2\/types\/post"}],"author":[{"embeddable":true,"href":"https:\/\/www.egemtv.com\/index.php?rest_route=\/wp\/v2\/users\/1"}],"replies":[{"embeddable":true,"href":"https:\/\/www.egemtv.com\/index.php?rest_route=%2Fwp%2Fv2%2Fcomments&post=87758"}],"version-history":[{"count":1,"href":"https:\/\/www.egemtv.com\/index.php?rest_route=\/wp\/v2\/posts\/87758\/revisions"}],"predecessor-version":[{"id":87760,"href":"https:\/\/www.egemtv.com\/index.php?rest_route=\/wp\/v2\/posts\/87758\/revisions\/87760"}],"wp:featuredmedia":[{"embeddable":true,"href":"https:\/\/www.egemtv.com\/index.php?rest_route=\/wp\/v2\/media\/87759"}],"wp:attachment":[{"href":"https:\/\/www.egemtv.com\/index.php?rest_route=%2Fwp%2Fv2%2Fmedia&parent=87758"}],"wp:term":[{"taxonomy":"category","embeddable":true,"href":"https:\/\/www.egemtv.com\/index.php?rest_route=%2Fwp%2Fv2%2Fcategories&post=87758"},{"taxonomy":"post_tag","embeddable":true,"href":"https:\/\/www.egemtv.com\/index.php?rest_route=%2Fwp%2Fv2%2Ftags&post=87758"}],"curies":[{"name":"wp","href":"https:\/\/api.w.org\/{rel}","templated":true}]}}