{"id":87752,"date":"2026-02-14T14:15:12","date_gmt":"2026-02-14T11:15:12","guid":{"rendered":"https:\/\/www.egemtv.com\/?p=87752"},"modified":"2026-02-14T14:15:13","modified_gmt":"2026-02-14T11:15:13","slug":"aydin-turkiyede-ilklerin-kenti-oluyor","status":"publish","type":"post","link":"https:\/\/www.egemtv.com\/?p=87752","title":{"rendered":"Ayd\u0131n T\u00fcrkiye\u2019de ilklerin kenti oluyor"},"content":{"rendered":"<p>Ayd\u0131n B\u00fcy\u00fck\u015fehir Belediyesi ile DS\u0130 aras\u0131nda imzalanan protokolle Didim Akb\u00fck\u2019te g\u00fcnl\u00fck 10 bin metrek\u00fcp deniz suyunu i\u00e7me suyuna d\u00f6n\u00fc\u015ft\u00fcrecek ar\u0131tma tesisi i\u00e7in s\u00fcre\u00e7 resmen ba\u015flad\u0131.<br \/>\n<br \/>Ayd\u0131n B\u00fcy\u00fck\u015fehir Belediyesi ile Devlet Su \u0130\u015fleri (DS\u0130) Genel M\u00fcd\u00fcrl\u00fc\u011f\u00fc aras\u0131nda imzalanan protokolle, Didim Akb\u00fck\u2019te T\u00fcrkiye\u2019nin ilk \u00f6rneklerinden biri olacak Deniz Suyu Ar\u0131tma Tesisi\u2019nin hayata ge\u00e7irilmesi i\u00e7in \u00f6nemli bir ad\u0131m at\u0131ld\u0131. Tar\u0131m ve Orman Bakanl\u0131\u011f\u0131 taraf\u0131ndan yap\u0131lan a\u00e7\u0131klamada, kurulacak tesisin g\u00fcnl\u00fck 10 bin metrek\u00fcp deniz suyunu ar\u0131tarak i\u00e7me suyuna d\u00f6n\u00fc\u015ft\u00fcrece\u011fi belirtildi. Projenin, \u00f6zellikle kurakl\u0131k riskine kar\u015f\u0131 alternatif ve s\u00fcrd\u00fcr\u00fclebilir bir su kayna\u011f\u0131 olu\u015fturaca\u011f\u0131 vurguland\u0131. Ayr\u0131ca, stratejik yat\u0131r\u0131mla birlikte Akb\u00fck\u2019\u00fcn i\u00e7me suyu arz g\u00fcvenli\u011finin g\u00fc\u00e7lendirilece\u011fi ve iklim de\u011fi\u015fikli\u011fine kar\u015f\u0131 diren\u00e7li bir altyap\u0131n\u0131n in\u015fa edilece\u011fi ifade edildi.<br \/>\n<br \/>Konu ile ilgili sosyal medya \u00fczerinden payla\u015f\u0131m yapan Tar\u0131m ve Orman Bakan\u0131 \u0130brahim Yumakl\u0131 a\u00e7\u0131klamas\u0131nda &#8220;Ayd\u0131n B\u00fcy\u00fck\u015fehir Belediyesi ile Devlet Su \u0130\u015fleri Genel M\u00fcd\u00fcrl\u00fc\u011f\u00fcm\u00fcz aras\u0131nda imzalanan protokolle, \u00fclkemizde ilk \u00f6rneklerinden biri olacak Didim Akb\u00fck Deniz Suyu Ar\u0131tma Tesisi\u2019ni hayata ge\u00e7irecek bir ad\u0131m at\u0131yoruz. G\u00fcnl\u00fck 10 bin metrek\u00fcp deniz suyunu ar\u0131tarak i\u00e7me suyuna d\u00f6n\u00fc\u015ft\u00fcrecek tesisle; kurakl\u0131k riskine kar\u015f\u0131 alternatif ve s\u00fcrd\u00fcr\u00fclebilir bir su kayna\u011f\u0131 olu\u015fturaca\u011f\u0131z. Bu stratejik yat\u0131r\u0131mla, Akb\u00fck\u2019\u00fcn i\u00e7me suyu arz g\u00fcvenli\u011fini g\u00fc\u00e7lendiriyor; iklim de\u011fi\u015fikli\u011fine kar\u015f\u0131 diren\u00e7li bir altyap\u0131 in\u015fa ediyoruz. Ayd\u0131n\u2019\u0131m\u0131za ve \u00fclkemize hay\u0131rl\u0131 olsun&#8221; ifadelerine yer verdi.<br \/><\/p>\n","protected":false},"excerpt":{"rendered":"<p>Ayd\u0131n B\u00fcy\u00fck\u015fehir Belediyesi ile DS\u0130 aras\u0131nda imzalanan protokolle Didim Akb\u00fck\u2019te g\u00fcnl\u00fck 10 bin metrek\u00fcp deniz suyunu i\u00e7me suyuna d\u00f6n\u00fc\u015ft\u00fcrecek ar\u0131tma tesisi i\u00e7in s\u00fcre\u00e7 resmen ba\u015flad\u0131. Ayd\u0131n B\u00fcy\u00fck\u015fehir Belediyesi ile Devlet Su \u0130\u015fleri (DS\u0130) Genel M\u00fcd\u00fcrl\u00fc\u011f\u00fc aras\u0131nda imzalanan protokolle, Didim Akb\u00fck\u2019te T\u00fcrkiye\u2019nin ilk \u00f6rneklerinden biri olacak Deniz Suyu Ar\u0131tma Tesisi\u2019nin hayata ge\u00e7irilmesi i\u00e7in \u00f6nemli bir ad\u0131m&#8230;<\/p>\n","protected":false},"author":1,"featured_media":87753,"comment_status":"open","ping_status":"open","sticky":false,"template":"","format":"standard","meta":{"_crdt_document":"","footnotes":""},"categories":[1],"tags":[],"class_list":["post-87752","post","type-post","status-publish","format-standard","has-post-thumbnail","hentry","category-guncel"],"_links":{"self":[{"href":"https:\/\/www.egemtv.com\/index.php?rest_route=\/wp\/v2\/posts\/87752","targetHints":{"allow":["GET"]}}],"collection":[{"href":"https:\/\/www.egemtv.com\/index.php?rest_route=\/wp\/v2\/posts"}],"about":[{"href":"https:\/\/www.egemtv.com\/index.php?rest_route=\/wp\/v2\/types\/post"}],"author":[{"embeddable":true,"href":"https:\/\/www.egemtv.com\/index.php?rest_route=\/wp\/v2\/users\/1"}],"replies":[{"embeddable":true,"href":"https:\/\/www.egemtv.com\/index.php?rest_route=%2Fwp%2Fv2%2Fcomments&post=87752"}],"version-history":[{"count":1,"href":"https:\/\/www.egemtv.com\/index.php?rest_route=\/wp\/v2\/posts\/87752\/revisions"}],"predecessor-version":[{"id":87754,"href":"https:\/\/www.egemtv.com\/index.php?rest_route=\/wp\/v2\/posts\/87752\/revisions\/87754"}],"wp:featuredmedia":[{"embeddable":true,"href":"https:\/\/www.egemtv.com\/index.php?rest_route=\/wp\/v2\/media\/87753"}],"wp:attachment":[{"href":"https:\/\/www.egemtv.com\/index.php?rest_route=%2Fwp%2Fv2%2Fmedia&parent=87752"}],"wp:term":[{"taxonomy":"category","embeddable":true,"href":"https:\/\/www.egemtv.com\/index.php?rest_route=%2Fwp%2Fv2%2Fcategories&post=87752"},{"taxonomy":"post_tag","embeddable":true,"href":"https:\/\/www.egemtv.com\/index.php?rest_route=%2Fwp%2Fv2%2Ftags&post=87752"}],"curies":[{"name":"wp","href":"https:\/\/api.w.org\/{rel}","templated":true}]}}