{"id":87749,"date":"2026-02-14T14:15:11","date_gmt":"2026-02-14T11:15:11","guid":{"rendered":"https:\/\/www.egemtv.com\/?p=87749"},"modified":"2026-02-14T14:15:12","modified_gmt":"2026-02-14T11:15:12","slug":"gediz-nehri-tasti-kopruler-alarm-veriyor","status":"publish","type":"post","link":"https:\/\/www.egemtv.com\/?p=87749","title":{"rendered":"Gediz Nehri ta\u015ft\u0131, k\u00f6pr\u00fcler alarm veriyor"},"content":{"rendered":"<p>Manisa\u2019da son y\u0131llar\u0131n en yo\u011fun ya\u011f\u0131\u015f\u0131 ya\u015fan\u0131rken Gediz Nehrinin yata\u011f\u0131ndan ta\u015fmas\u0131 sonucu Manisa Ovas\u0131 ve ovada bulunan ba\u011f evleri sular alt\u0131nda kald\u0131. \u00d6te yandan Gediz Nehrine ba\u011fl\u0131 Nif \u00c7ay\u0131 K\u00f6pr\u00fcs\u00fc, a\u015f\u0131r\u0131 ya\u011f\u0131\u015flar\u0131n ard\u0131ndan tehlike sinyali vermeye ba\u015flad\u0131.<br \/>\n<br \/>Son y\u0131llar\u0131n en yo\u011fun ya\u011f\u0131\u015f\u0131n\u0131 alan Manisa\u2019da Gediz Nehri ta\u015ft\u0131. Ovaya do\u011fru ta\u015fk\u0131n yapan nehir ba\u011f evlerini sular alt\u0131nda b\u0131rakt\u0131. Ba\u011f evlerinin etraf\u0131nda mart\u0131lar y\u00fczerek avlan\u0131rken Gediz Nehrine ba\u011fl\u0131 Nif \u00c7ay\u0131nda su seviyesinin y\u00fckselmesi, \u00e7ay\u0131n \u00fczerinden ge\u00e7en k\u00f6pr\u00fclerde tehlike olu\u015fturmaya ba\u015flad\u0131.<br \/>\n<br \/>A\u015f\u0131r\u0131 ya\u011f\u0131\u015flarla birlikte A\u015fa\u011f\u0131 \u00c7obanisa Mahallesi\u2019ni Hamzabeyli ve Hac\u0131haliller mahallelerine ba\u011flayan ve y\u0131llard\u0131r tek arac\u0131n ge\u00e7ebilece\u011fi kadar dar olan k\u00f6pr\u00fcde su seviyesi y\u00fckseldi. Nif \u00c7ay\u0131\u2019nda artan debiyle birlikte s\u00fcr\u00fcklenen a\u011fa\u00e7 k\u00fct\u00fckleri ve yabanc\u0131 cisimlerin k\u00f6pr\u00fc ayaklar\u0131na tak\u0131lmas\u0131 sonucu \u00e7ay sular\u0131 k\u00f6pr\u00fc ile ayn\u0131 seviyeden akmaya ba\u015flad\u0131.<\/p>\n<p>&#8220;K\u00f6pr\u00fc mahalleler aras\u0131 tek ba\u011flant\u0131 noktas\u0131&#8221;<br \/>\n<br \/>K\u00f6pr\u00fcde ya\u015fanan durumu \u015eehzadeler Belediye Ba\u015fkan\u0131 Hakan \u015eim\u015fek\u2019e ilettiklerini ve \u015eehzadeler Belediyesi ekiplerinin h\u0131zla duruma m\u00fcdahale etti\u011fini belirten A\u015fa\u011f\u0131 \u00c7obanisa Mahallesi Muhtar\u0131 Tamer Apak, &#8220;Sa\u011f olsun ba\u015fkan\u0131m\u0131z konuya duyarl\u0131 yakla\u015ft\u0131 ve hemen i\u015f makinesi g\u00f6ndererek k\u00f6pr\u00fc ayaklar\u0131na tak\u0131lan a\u011fa\u00e7lar\u0131n kald\u0131r\u0131lmas\u0131n\u0131 sa\u011flad\u0131. Kendisine mahalle sakinlerimiz ad\u0131na te\u015fekk\u00fcr ediyoruz&#8221; dedi.<br \/>\n<br \/>K\u00f6pr\u00fcn\u00fcn yaln\u0131zca A\u015fa\u011f\u0131 \u00c7obanisa i\u00e7in de\u011fil, Hamzabeyli, Hac\u0131haliller, Ye\u015filk\u00f6y ve Harmandal\u0131 mahalleleri i\u00e7in de kritik bir ge\u00e7i\u015f noktas\u0131 oldu\u011funu vurgulayan Apak, k\u00f6pr\u00fcn\u00fcn uzun y\u0131llard\u0131r dar ve yetersiz oldu\u011funu s\u00f6yledi.<\/p>\n<p>&#8220;\u00c7\u00f6kme ba\u015flad\u0131, geni\u015fletilmesi \u015fart&#8221;<br \/>\n<br \/>Ya\u011f\u0131\u015flarla birlikte k\u00f6pr\u00fcn\u00fcn orta k\u0131sm\u0131nda \u00e7\u00f6kme meydana geldi\u011fini belirten Apak, &#8220;Bu k\u00f6pr\u00fcm\u00fcz tek ara\u00e7l\u0131k. Sular y\u00fckselince risk daha da art\u0131yor. B\u00f6lgemiz adeta afet gibi ya\u011f\u0131\u015f ald\u0131. K\u00f6pr\u00fcn\u00fcn hem onar\u0131lmas\u0131 hem de geni\u015fletilmesi gerekiyor. Bu talebimizi uzun s\u00fcredir dile getiriyoruz&#8221; diye konu\u015ftu.<br \/>\n<br \/>\u00d6te yandan Apak, yetkililere \u00e7a\u011fr\u0131da bulunarak k\u00f6pr\u00fcn\u00fcn bir an \u00f6nce geni\u015fletilerek yeniden ele al\u0131nmas\u0131n\u0131 istediklerini ifade etti.<\/p>\n<p>&#8220;Alternatif yol yok&#8221;<br \/>\n<br \/>K\u00f6pr\u00fcn\u00fcn y\u0131k\u0131lmas\u0131 durumunda ula\u015f\u0131m\u0131n ciddi \u015fekilde aksayaca\u011f\u0131n\u0131 kaydeden Apak, &#8220;E\u011fer k\u00f6pr\u00fc y\u0131k\u0131l\u0131rsa kar\u015f\u0131ya ge\u00e7mek i\u00e7in ya Turgutlu \u00fczerinden ya da Manisa\u2019n\u0131n Harmandal\u0131 Mahallesi \u00fczerinden dola\u015fmak gerekir. 10 metrelik yol kilometrelerce uzar. Bu k\u00f6pr\u00fcn\u00fcn alternatifi yok. Manisa\u2019m\u0131z i\u00e7in \u00f6nemli bir ge\u00e7i\u015f noktas\u0131. \u0130n\u015fallah en k\u0131sa s\u00fcrede \u00e7\u00f6z\u00fcm bulunur&#8221; dedi.<br \/>\n<br \/>Yetkililerin k\u00f6pr\u00fcyle ilgili kal\u0131c\u0131 bir \u00e7\u00f6z\u00fcm i\u00e7in \u00e7al\u0131\u015fma ba\u015flatmas\u0131 bekleniyor.<br \/><\/p>\n","protected":false},"excerpt":{"rendered":"<p>Manisa\u2019da son y\u0131llar\u0131n en yo\u011fun ya\u011f\u0131\u015f\u0131 ya\u015fan\u0131rken Gediz Nehrinin yata\u011f\u0131ndan ta\u015fmas\u0131 sonucu Manisa Ovas\u0131 ve ovada bulunan ba\u011f evleri sular alt\u0131nda kald\u0131. \u00d6te yandan Gediz Nehrine ba\u011fl\u0131 Nif \u00c7ay\u0131 K\u00f6pr\u00fcs\u00fc, a\u015f\u0131r\u0131 ya\u011f\u0131\u015flar\u0131n ard\u0131ndan tehlike sinyali vermeye ba\u015flad\u0131. Son y\u0131llar\u0131n en yo\u011fun ya\u011f\u0131\u015f\u0131n\u0131 alan Manisa\u2019da Gediz Nehri ta\u015ft\u0131. Ovaya do\u011fru ta\u015fk\u0131n yapan nehir ba\u011f evlerini sular&#8230;<\/p>\n","protected":false},"author":1,"featured_media":87750,"comment_status":"open","ping_status":"open","sticky":false,"template":"","format":"standard","meta":{"_crdt_document":"","footnotes":""},"categories":[5],"tags":[],"class_list":["post-87749","post","type-post","status-publish","format-standard","has-post-thumbnail","hentry","category-asayis"],"_links":{"self":[{"href":"https:\/\/www.egemtv.com\/index.php?rest_route=\/wp\/v2\/posts\/87749","targetHints":{"allow":["GET"]}}],"collection":[{"href":"https:\/\/www.egemtv.com\/index.php?rest_route=\/wp\/v2\/posts"}],"about":[{"href":"https:\/\/www.egemtv.com\/index.php?rest_route=\/wp\/v2\/types\/post"}],"author":[{"embeddable":true,"href":"https:\/\/www.egemtv.com\/index.php?rest_route=\/wp\/v2\/users\/1"}],"replies":[{"embeddable":true,"href":"https:\/\/www.egemtv.com\/index.php?rest_route=%2Fwp%2Fv2%2Fcomments&post=87749"}],"version-history":[{"count":1,"href":"https:\/\/www.egemtv.com\/index.php?rest_route=\/wp\/v2\/posts\/87749\/revisions"}],"predecessor-version":[{"id":87751,"href":"https:\/\/www.egemtv.com\/index.php?rest_route=\/wp\/v2\/posts\/87749\/revisions\/87751"}],"wp:featuredmedia":[{"embeddable":true,"href":"https:\/\/www.egemtv.com\/index.php?rest_route=\/wp\/v2\/media\/87750"}],"wp:attachment":[{"href":"https:\/\/www.egemtv.com\/index.php?rest_route=%2Fwp%2Fv2%2Fmedia&parent=87749"}],"wp:term":[{"taxonomy":"category","embeddable":true,"href":"https:\/\/www.egemtv.com\/index.php?rest_route=%2Fwp%2Fv2%2Fcategories&post=87749"},{"taxonomy":"post_tag","embeddable":true,"href":"https:\/\/www.egemtv.com\/index.php?rest_route=%2Fwp%2Fv2%2Ftags&post=87749"}],"curies":[{"name":"wp","href":"https:\/\/api.w.org\/{rel}","templated":true}]}}