{"id":87746,"date":"2026-02-14T13:55:04","date_gmt":"2026-02-14T10:55:04","guid":{"rendered":"https:\/\/www.egemtv.com\/?p=87746"},"modified":"2026-02-14T13:55:05","modified_gmt":"2026-02-14T10:55:05","slug":"yagmur-sonrasi-yolda-4-metre-derinliginde-cukur-olustu","status":"publish","type":"post","link":"https:\/\/www.egemtv.com\/?p=87746","title":{"rendered":"Ya\u011fmur sonras\u0131 yolda 4 metre derinli\u011finde \u00e7ukur olu\u015ftu"},"content":{"rendered":"<p>Afyonkarahisar\u2019\u0131n Sand\u0131kl\u0131 il\u00e7esinde ya\u015fanan a\u015f\u0131r\u0131 ya\u011f\u0131\u015flar sonras\u0131 k\u00f6y\u00fc birbirine ba\u011flayan yolda \u00e7\u00f6kme meydana geldi, yol g\u00fcvenlik gerek\u00e7esiyle ula\u015f\u0131ma kapat\u0131ld\u0131.<br \/>\n<br \/>Sand\u0131kl\u0131 il\u00e7esi H\u00fcdai Kapl\u0131calar\u0131 ile \u00d6renkaya k\u00f6y\u00fc aras\u0131nda bulunan b\u00f6lgede ya\u011fmur sonras\u0131 yolda 4 metre derinli\u011finde 25 metre geni\u015fli\u011finde g\u00f6\u00e7\u00fck olu\u015ftu. \u00d6nce ki g\u00fcn ya\u011fmur etkisini art\u0131r\u0131rken H\u00fcdai Kapl\u0131calar\u0131 ile \u00d6renkaya k\u00f6y\u00fc aras\u0131nda bulunan yol kenar\u0131ndan Hamam \u00e7ay\u0131n\u0131n akan sular\u0131 b\u00f6lgede b\u00fcy\u00fck bir \u00e7ukur olu\u015fmas\u0131na neden oldu.<br \/>\n<br \/>Vatanda\u015flar\u0131n yetkililere durumu bildirmesi \u00fczerine yol trafi\u011fe kapat\u0131l\u0131rken i\u015f makineleri ile \u00e7al\u0131\u015fma ba\u015flat\u0131ld\u0131.<br \/><\/p>\n","protected":false},"excerpt":{"rendered":"<p>Afyonkarahisar\u2019\u0131n Sand\u0131kl\u0131 il\u00e7esinde ya\u015fanan a\u015f\u0131r\u0131 ya\u011f\u0131\u015flar sonras\u0131 k\u00f6y\u00fc birbirine ba\u011flayan yolda \u00e7\u00f6kme meydana geldi, yol g\u00fcvenlik gerek\u00e7esiyle ula\u015f\u0131ma kapat\u0131ld\u0131. Sand\u0131kl\u0131 il\u00e7esi H\u00fcdai Kapl\u0131calar\u0131 ile \u00d6renkaya k\u00f6y\u00fc aras\u0131nda bulunan b\u00f6lgede ya\u011fmur sonras\u0131 yolda 4 metre derinli\u011finde 25 metre geni\u015fli\u011finde g\u00f6\u00e7\u00fck olu\u015ftu. \u00d6nce ki g\u00fcn ya\u011fmur etkisini art\u0131r\u0131rken H\u00fcdai Kapl\u0131calar\u0131 ile \u00d6renkaya k\u00f6y\u00fc aras\u0131nda bulunan yol kenar\u0131ndan&#8230;<\/p>\n","protected":false},"author":1,"featured_media":87747,"comment_status":"open","ping_status":"open","sticky":false,"template":"","format":"standard","meta":{"_crdt_document":"","footnotes":""},"categories":[1],"tags":[],"class_list":["post-87746","post","type-post","status-publish","format-standard","has-post-thumbnail","hentry","category-guncel"],"_links":{"self":[{"href":"https:\/\/www.egemtv.com\/index.php?rest_route=\/wp\/v2\/posts\/87746","targetHints":{"allow":["GET"]}}],"collection":[{"href":"https:\/\/www.egemtv.com\/index.php?rest_route=\/wp\/v2\/posts"}],"about":[{"href":"https:\/\/www.egemtv.com\/index.php?rest_route=\/wp\/v2\/types\/post"}],"author":[{"embeddable":true,"href":"https:\/\/www.egemtv.com\/index.php?rest_route=\/wp\/v2\/users\/1"}],"replies":[{"embeddable":true,"href":"https:\/\/www.egemtv.com\/index.php?rest_route=%2Fwp%2Fv2%2Fcomments&post=87746"}],"version-history":[{"count":1,"href":"https:\/\/www.egemtv.com\/index.php?rest_route=\/wp\/v2\/posts\/87746\/revisions"}],"predecessor-version":[{"id":87748,"href":"https:\/\/www.egemtv.com\/index.php?rest_route=\/wp\/v2\/posts\/87746\/revisions\/87748"}],"wp:featuredmedia":[{"embeddable":true,"href":"https:\/\/www.egemtv.com\/index.php?rest_route=\/wp\/v2\/media\/87747"}],"wp:attachment":[{"href":"https:\/\/www.egemtv.com\/index.php?rest_route=%2Fwp%2Fv2%2Fmedia&parent=87746"}],"wp:term":[{"taxonomy":"category","embeddable":true,"href":"https:\/\/www.egemtv.com\/index.php?rest_route=%2Fwp%2Fv2%2Fcategories&post=87746"},{"taxonomy":"post_tag","embeddable":true,"href":"https:\/\/www.egemtv.com\/index.php?rest_route=%2Fwp%2Fv2%2Ftags&post=87746"}],"curies":[{"name":"wp","href":"https:\/\/api.w.org\/{rel}","templated":true}]}}