{"id":87740,"date":"2026-02-14T13:55:02","date_gmt":"2026-02-14T10:55:02","guid":{"rendered":"https:\/\/www.egemtv.com\/?p=87740"},"modified":"2026-02-14T13:55:03","modified_gmt":"2026-02-14T10:55:03","slug":"aydin-icin-sari-kod-uyarisi","status":"publish","type":"post","link":"https:\/\/www.egemtv.com\/?p=87740","title":{"rendered":"Ayd\u0131n i\u00e7in \u2019sar\u0131 kod\u2019 uyar\u0131s\u0131"},"content":{"rendered":"<p>Meteoroloji Genel M\u00fcd\u00fcrl\u00fc\u011f\u00fc, Ayd\u0131n i\u00e7in sar\u0131 kodlu uyar\u0131 yay\u0131mlad\u0131. Yap\u0131lan son de\u011ferlendirmelere g\u00f6re kent genelinde g\u00fcney y\u00f6nlerden kuvvetli r\u00fczgar ve f\u0131rt\u0131na bekleniyor.<br \/>\n<br \/>Uyar\u0131ya g\u00f6re r\u00fczgar\u0131n Ayd\u0131n genelinde 50-75 km\/saat h\u0131zla esmesi, baz\u0131 b\u00f6lgelerde ise 75-90 km\/saat h\u0131zla hamleli kuvvetli f\u0131rt\u0131na \u015feklinde etkili olmas\u0131 \u00f6ng\u00f6r\u00fcl\u00fcyor. Meteoroloji verilerine g\u00f6re f\u0131rt\u0131na 15 \u015eubat 2026 Pazar g\u00fcn\u00fc saat 10.00\u2019dan 23.59\u2019a kadar ge\u00e7erli olacak. Yetkililer kuvvetli r\u00fczgar ve f\u0131rt\u0131na nedeniyle \u00e7at\u0131 u\u00e7mas\u0131, a\u011fa\u00e7 ve direk devrilmesi, soba ve do\u011fal gaz kaynakl\u0131 baca gaz\u0131 zehirlenmeleri, ula\u015f\u0131mda aksamalar gibi olumsuzluklara kar\u015f\u0131 dikkatli olunmas\u0131n\u0131 istedi.<br \/>\n<br \/>Meteoroloji 2. B\u00f6lge M\u00fcd\u00fcrl\u00fc\u011f\u00fc B\u00f6lge Hava Tahmin ve Erken Uyar\u0131 Merkezi\u2019nden yap\u0131lan a\u00e7\u0131klamada &#8220;Yap\u0131lan son de\u011ferlendirmelere g\u00f6re Ayd\u0131n il genelinde r\u00fczgar\u0131n, g\u00fcney y\u00f6nlerden kuvvetli ve f\u0131rt\u0131na (50-75 km\/sa), yer yer hamleli kuvvetli f\u0131rt\u0131na (75-90 km\/sa) \u015feklinde esmesi beklenmektedir&#8221; ifadeleri yer ald\u0131.<br \/><\/p>\n","protected":false},"excerpt":{"rendered":"<p>Meteoroloji Genel M\u00fcd\u00fcrl\u00fc\u011f\u00fc, Ayd\u0131n i\u00e7in sar\u0131 kodlu uyar\u0131 yay\u0131mlad\u0131. Yap\u0131lan son de\u011ferlendirmelere g\u00f6re kent genelinde g\u00fcney y\u00f6nlerden kuvvetli r\u00fczgar ve f\u0131rt\u0131na bekleniyor. Uyar\u0131ya g\u00f6re r\u00fczgar\u0131n Ayd\u0131n genelinde 50-75 km\/saat h\u0131zla esmesi, baz\u0131 b\u00f6lgelerde ise 75-90 km\/saat h\u0131zla hamleli kuvvetli f\u0131rt\u0131na \u015feklinde etkili olmas\u0131 \u00f6ng\u00f6r\u00fcl\u00fcyor. Meteoroloji verilerine g\u00f6re f\u0131rt\u0131na 15 \u015eubat 2026 Pazar g\u00fcn\u00fc saat 10.00\u2019dan&#8230;<\/p>\n","protected":false},"author":1,"featured_media":87741,"comment_status":"open","ping_status":"open","sticky":false,"template":"","format":"standard","meta":{"_crdt_document":"","footnotes":""},"categories":[1],"tags":[],"class_list":["post-87740","post","type-post","status-publish","format-standard","has-post-thumbnail","hentry","category-guncel"],"_links":{"self":[{"href":"https:\/\/www.egemtv.com\/index.php?rest_route=\/wp\/v2\/posts\/87740","targetHints":{"allow":["GET"]}}],"collection":[{"href":"https:\/\/www.egemtv.com\/index.php?rest_route=\/wp\/v2\/posts"}],"about":[{"href":"https:\/\/www.egemtv.com\/index.php?rest_route=\/wp\/v2\/types\/post"}],"author":[{"embeddable":true,"href":"https:\/\/www.egemtv.com\/index.php?rest_route=\/wp\/v2\/users\/1"}],"replies":[{"embeddable":true,"href":"https:\/\/www.egemtv.com\/index.php?rest_route=%2Fwp%2Fv2%2Fcomments&post=87740"}],"version-history":[{"count":1,"href":"https:\/\/www.egemtv.com\/index.php?rest_route=\/wp\/v2\/posts\/87740\/revisions"}],"predecessor-version":[{"id":87742,"href":"https:\/\/www.egemtv.com\/index.php?rest_route=\/wp\/v2\/posts\/87740\/revisions\/87742"}],"wp:featuredmedia":[{"embeddable":true,"href":"https:\/\/www.egemtv.com\/index.php?rest_route=\/wp\/v2\/media\/87741"}],"wp:attachment":[{"href":"https:\/\/www.egemtv.com\/index.php?rest_route=%2Fwp%2Fv2%2Fmedia&parent=87740"}],"wp:term":[{"taxonomy":"category","embeddable":true,"href":"https:\/\/www.egemtv.com\/index.php?rest_route=%2Fwp%2Fv2%2Fcategories&post=87740"},{"taxonomy":"post_tag","embeddable":true,"href":"https:\/\/www.egemtv.com\/index.php?rest_route=%2Fwp%2Fv2%2Ftags&post=87740"}],"curies":[{"name":"wp","href":"https:\/\/api.w.org\/{rel}","templated":true}]}}