{"id":87737,"date":"2026-02-14T13:34:58","date_gmt":"2026-02-14T10:34:58","guid":{"rendered":"https:\/\/www.egemtv.com\/?p=87737"},"modified":"2026-02-14T13:35:00","modified_gmt":"2026-02-14T10:35:00","slug":"manisada-83-yasindaki-koca-esini-uyurken-oldurdu","status":"publish","type":"post","link":"https:\/\/www.egemtv.com\/?p=87737","title":{"rendered":"Manisa\u2019da 83 ya\u015f\u0131ndaki koca e\u015fini uyurken \u00f6ld\u00fcrd\u00fc"},"content":{"rendered":"<p>Manisa\u2019n\u0131n Yunusemre il\u00e7esinde 83 ya\u015f\u0131ndaki bir \u015fah\u0131s, tart\u0131\u015ft\u0131\u011f\u0131 72 ya\u015f\u0131ndaki e\u015fini yata\u011f\u0131nda bo\u011faz\u0131n\u0131 keserek \u00f6ld\u00fcrd\u00fc.<br \/>\n<br \/>Olay, sabaha kar\u015f\u0131 Top\u00e7uas\u0131m Mahallesi 3505 Sokak\u2019ta meydana geldi. Edinilen bilgiye g\u00f6re, E.\u00d6 (83) ile e\u015fi Emine \u00d6. (72) aras\u0131nda hen\u00fcz belirlenemeyen bir nedenle tart\u0131\u015fma \u00e7\u0131kt\u0131. Tart\u0131\u015fman\u0131n ard\u0131ndan E.\u00d6, yata\u011f\u0131nda uyumakta olan e\u015fini b\u0131\u00e7akla bo\u011faz\u0131ndan keserek \u00f6ld\u00fcrd\u00fc. Cinayetin ard\u0131ndan torununu arayarak &#8220;Babaannenizi \u00f6ld\u00fcrd\u00fcm&#8221; diyen ya\u015fl\u0131 adam, adrese gelen polis ekiplerine teslim oldu. Sa\u011fl\u0131k ekiplerinin yapt\u0131\u011f\u0131 incelemede Emine \u00d6\u2019n\u00fcn hayat\u0131n\u0131 kaybetti\u011fi belirlendi. Talihsiz kad\u0131n\u0131n cans\u0131z bedeni otopsi i\u00e7in Manisa Merkez Efendi Devlet Hastanesi morguna kald\u0131r\u0131l\u0131rken, mahalle sakinleri de b\u00fcy\u00fck \u015fok ya\u015fad\u0131.<br \/>\n<br \/>Olayla ilgili soru\u015fturma s\u00fcr\u00fcyor.<br \/><\/p>\n","protected":false},"excerpt":{"rendered":"<p>Manisa\u2019n\u0131n Yunusemre il\u00e7esinde 83 ya\u015f\u0131ndaki bir \u015fah\u0131s, tart\u0131\u015ft\u0131\u011f\u0131 72 ya\u015f\u0131ndaki e\u015fini yata\u011f\u0131nda bo\u011faz\u0131n\u0131 keserek \u00f6ld\u00fcrd\u00fc. Olay, sabaha kar\u015f\u0131 Top\u00e7uas\u0131m Mahallesi 3505 Sokak\u2019ta meydana geldi. Edinilen bilgiye g\u00f6re, E.\u00d6 (83) ile e\u015fi Emine \u00d6. (72) aras\u0131nda hen\u00fcz belirlenemeyen bir nedenle tart\u0131\u015fma \u00e7\u0131kt\u0131. Tart\u0131\u015fman\u0131n ard\u0131ndan E.\u00d6, yata\u011f\u0131nda uyumakta olan e\u015fini b\u0131\u00e7akla bo\u011faz\u0131ndan keserek \u00f6ld\u00fcrd\u00fc. Cinayetin ard\u0131ndan torununu&#8230;<\/p>\n","protected":false},"author":1,"featured_media":87738,"comment_status":"open","ping_status":"open","sticky":false,"template":"","format":"standard","meta":{"_crdt_document":"","footnotes":""},"categories":[5],"tags":[],"class_list":["post-87737","post","type-post","status-publish","format-standard","has-post-thumbnail","hentry","category-asayis"],"_links":{"self":[{"href":"https:\/\/www.egemtv.com\/index.php?rest_route=\/wp\/v2\/posts\/87737","targetHints":{"allow":["GET"]}}],"collection":[{"href":"https:\/\/www.egemtv.com\/index.php?rest_route=\/wp\/v2\/posts"}],"about":[{"href":"https:\/\/www.egemtv.com\/index.php?rest_route=\/wp\/v2\/types\/post"}],"author":[{"embeddable":true,"href":"https:\/\/www.egemtv.com\/index.php?rest_route=\/wp\/v2\/users\/1"}],"replies":[{"embeddable":true,"href":"https:\/\/www.egemtv.com\/index.php?rest_route=%2Fwp%2Fv2%2Fcomments&post=87737"}],"version-history":[{"count":1,"href":"https:\/\/www.egemtv.com\/index.php?rest_route=\/wp\/v2\/posts\/87737\/revisions"}],"predecessor-version":[{"id":87739,"href":"https:\/\/www.egemtv.com\/index.php?rest_route=\/wp\/v2\/posts\/87737\/revisions\/87739"}],"wp:featuredmedia":[{"embeddable":true,"href":"https:\/\/www.egemtv.com\/index.php?rest_route=\/wp\/v2\/media\/87738"}],"wp:attachment":[{"href":"https:\/\/www.egemtv.com\/index.php?rest_route=%2Fwp%2Fv2%2Fmedia&parent=87737"}],"wp:term":[{"taxonomy":"category","embeddable":true,"href":"https:\/\/www.egemtv.com\/index.php?rest_route=%2Fwp%2Fv2%2Fcategories&post=87737"},{"taxonomy":"post_tag","embeddable":true,"href":"https:\/\/www.egemtv.com\/index.php?rest_route=%2Fwp%2Fv2%2Ftags&post=87737"}],"curies":[{"name":"wp","href":"https:\/\/api.w.org\/{rel}","templated":true}]}}