{"id":87734,"date":"2026-02-14T13:34:57","date_gmt":"2026-02-14T10:34:57","guid":{"rendered":"https:\/\/www.egemtv.com\/?p=87734"},"modified":"2026-02-14T13:34:58","modified_gmt":"2026-02-14T10:34:58","slug":"yagmur-bereketine-sukur-hayri","status":"publish","type":"post","link":"https:\/\/www.egemtv.com\/?p=87734","title":{"rendered":"Ya\u011fmur bereketine \u015f\u00fck\u00fcr hayr\u0131"},"content":{"rendered":"<p>Manisa\u2019n\u0131n \u015eehzadeler il\u00e7esine ba\u011fl\u0131 A\u015fa\u011f\u0131 \u00c7obanisa Mahallesi\u2019nde son g\u00fcnlerde etkili olan ya\u011f\u0131\u015flar\u0131n ovaya bereket getirmesi dolay\u0131s\u0131yla bin ki\u015filik \u2018\u015e\u00fck\u00fcr\u2019 hayr\u0131 yap\u0131ld\u0131. Ya\u011f\u0131\u015flarla birlikte eski debisine kavu\u015fan Gediz Nehri \u00e7ift\u00e7ilerin y\u00fcz\u00fcn\u00fc g\u00fcld\u00fcr\u00fcrken, mahalle sakinleri d\u00fczenlenen hay\u0131r yeme\u011finde bir araya gelerek dua etti.<br \/>\n<br \/>Son 15 g\u00fcn i\u00e7erisinde etkili olan sa\u011fanak ya\u011f\u0131\u015flar\u0131n ard\u0131ndan kuruma noktas\u0131na gelen ve baz\u0131 b\u00f6l\u00fcmlerde ad\u0131m at\u0131larak ge\u00e7ilebilecek kadar k\u00fc\u00e7\u00fclen Gediz Nehri\u2019nin yeniden yata\u011f\u0131na s\u0131\u011fmayarak ovaya ta\u015fmas\u0131, \u00f6zellikle \u00fcz\u00fcm \u00fcreticileri ba\u015fta olmak \u00fczere Gediz Ovas\u0131\u2019ndaki \u00e7ift\u00e7ileri sevindirdi. Ya\u011f\u0131\u015flar\u0131n ba\u011flar\u0131n su ihtiyac\u0131n\u0131 kar\u015f\u0131lamaya ba\u015flamas\u0131 ve topra\u011f\u0131n doymas\u0131 \u00fcreticilere umut oldu.<\/p>\n<p>&#8220;Ya\u011f\u0131\u015flar ovaya bereket getirdi&#8221;<br \/>\n<br \/>A\u015fa\u011f\u0131 \u00c7obanisa Mahallesi\u2019nde Hasan H\u00fcseyin Karaka\u015f ile Ru\u015fit Akkaya \u00f6nc\u00fcl\u00fc\u011f\u00fcnde organize edilen bin ki\u015filik \u2018\u015e\u00fck\u00fcr\u2019 hayr\u0131 mahalle meydan\u0131nda ger\u00e7ekle\u015ftirildi. Ya\u011fmur alt\u0131nda yap\u0131lan etkinli\u011fe \u015eehzadeler Belediye Ba\u015fkan\u0131 Hakan \u015eim\u015fek, Manisa \u015eof\u00f6rler ve Otomobilciler Odas\u0131 Ba\u015fkan\u0131 Cahit G\u00fcden ile \u00e7ok say\u0131da vatanda\u015f kat\u0131ld\u0131.<br \/>\n<br \/>Mahalle sakinlerinin katk\u0131lar\u0131yla haz\u0131rlanan hay\u0131r yeme\u011finde 1000 ki\u015filik etli pilav, ayran ve tatl\u0131 ikram edildi. Yemekler ba\u015fta \u00f6\u011frenciler olmak \u00fczere mahalle halk\u0131na da\u011f\u0131t\u0131ld\u0131.<br \/>\n<br \/>\u00c7ift\u00e7ilerden Hasan H\u00fcseyin Karaka\u015f, ya\u011fan rahmet \u00fczerine b\u00f6yle bir organizasyon yapmaya karar verdiklerini belirterek, &#8220;G\u00fczel bir y\u0131l olur in\u015fallah. \u00c7obanisa\u2019da her yer su i\u00e7erisinde ma\u015fallah. Bu hay\u0131r \u00c7obanisa\u2019n\u0131n hayr\u0131d\u0131r. Toplam 1000 ki\u015filik etli pilav, ayran ve tatl\u0131 da\u011f\u0131t\u0131yoruz.&#8221; dedi.<br \/>\n<br \/>Ru\u015fit Akkaya ise uzun y\u0131llard\u0131r bu kadar bereketli bir d\u00f6nem ya\u015famad\u0131klar\u0131n\u0131 ifade ederek, &#8220;Arkada\u015flarla kahvede karar ald\u0131k. K\u00f6yl\u00fcden para toplad\u0131k ve b\u00f6yle bir hayra niyet ettik. Kimden para istediysek verdi. Allah hayr\u0131m\u0131z\u0131 kabul etsin in\u015fallah.&#8221; diye konu\u015ftu.<br \/>\n<br \/>Yap\u0131lan dualar\u0131n ard\u0131ndan \u2018\u015e\u00fck\u00fcr\u2019 hayr\u0131 sona erdi.<br \/><\/p>\n","protected":false},"excerpt":{"rendered":"<p>Manisa\u2019n\u0131n \u015eehzadeler il\u00e7esine ba\u011fl\u0131 A\u015fa\u011f\u0131 \u00c7obanisa Mahallesi\u2019nde son g\u00fcnlerde etkili olan ya\u011f\u0131\u015flar\u0131n ovaya bereket getirmesi dolay\u0131s\u0131yla bin ki\u015filik \u2018\u015e\u00fck\u00fcr\u2019 hayr\u0131 yap\u0131ld\u0131. Ya\u011f\u0131\u015flarla birlikte eski debisine kavu\u015fan Gediz Nehri \u00e7ift\u00e7ilerin y\u00fcz\u00fcn\u00fc g\u00fcld\u00fcr\u00fcrken, mahalle sakinleri d\u00fczenlenen hay\u0131r yeme\u011finde bir araya gelerek dua etti. Son 15 g\u00fcn i\u00e7erisinde etkili olan sa\u011fanak ya\u011f\u0131\u015flar\u0131n ard\u0131ndan kuruma noktas\u0131na gelen ve baz\u0131&#8230;<\/p>\n","protected":false},"author":1,"featured_media":87735,"comment_status":"open","ping_status":"open","sticky":false,"template":"","format":"standard","meta":{"_crdt_document":"","footnotes":""},"categories":[123],"tags":[],"class_list":["post-87734","post","type-post","status-publish","format-standard","has-post-thumbnail","hentry","category-gundem"],"_links":{"self":[{"href":"https:\/\/www.egemtv.com\/index.php?rest_route=\/wp\/v2\/posts\/87734","targetHints":{"allow":["GET"]}}],"collection":[{"href":"https:\/\/www.egemtv.com\/index.php?rest_route=\/wp\/v2\/posts"}],"about":[{"href":"https:\/\/www.egemtv.com\/index.php?rest_route=\/wp\/v2\/types\/post"}],"author":[{"embeddable":true,"href":"https:\/\/www.egemtv.com\/index.php?rest_route=\/wp\/v2\/users\/1"}],"replies":[{"embeddable":true,"href":"https:\/\/www.egemtv.com\/index.php?rest_route=%2Fwp%2Fv2%2Fcomments&post=87734"}],"version-history":[{"count":1,"href":"https:\/\/www.egemtv.com\/index.php?rest_route=\/wp\/v2\/posts\/87734\/revisions"}],"predecessor-version":[{"id":87736,"href":"https:\/\/www.egemtv.com\/index.php?rest_route=\/wp\/v2\/posts\/87734\/revisions\/87736"}],"wp:featuredmedia":[{"embeddable":true,"href":"https:\/\/www.egemtv.com\/index.php?rest_route=\/wp\/v2\/media\/87735"}],"wp:attachment":[{"href":"https:\/\/www.egemtv.com\/index.php?rest_route=%2Fwp%2Fv2%2Fmedia&parent=87734"}],"wp:term":[{"taxonomy":"category","embeddable":true,"href":"https:\/\/www.egemtv.com\/index.php?rest_route=%2Fwp%2Fv2%2Fcategories&post=87734"},{"taxonomy":"post_tag","embeddable":true,"href":"https:\/\/www.egemtv.com\/index.php?rest_route=%2Fwp%2Fv2%2Ftags&post=87734"}],"curies":[{"name":"wp","href":"https:\/\/api.w.org\/{rel}","templated":true}]}}