{"id":87731,"date":"2026-02-14T13:34:56","date_gmt":"2026-02-14T10:34:56","guid":{"rendered":"https:\/\/www.egemtv.com\/?p=87731"},"modified":"2026-02-14T13:34:57","modified_gmt":"2026-02-14T10:34:57","slug":"menemende-istinat-duvari-coktu-151-kisi-tahliye-edildi","status":"publish","type":"post","link":"https:\/\/www.egemtv.com\/?p=87731","title":{"rendered":"Menemen\u2019de istinat duvar\u0131 \u00e7\u00f6kt\u00fc: 151 ki\u015fi tahliye edildi"},"content":{"rendered":"<p>\u0130zmir\u2019in Menemen il\u00e7esinde bir sitenin \u00e7evresinde bulunan istinat duvar\u0131n\u0131n gece saatlerinde \u00e7\u00f6kmesi sonucu 4 bina ve 7 otomobilde hasar meydana geldi. Olayda can kayb\u0131 ya da yaralanma ya\u015fanmazken, 151 ki\u015fi tedbir ama\u00e7l\u0131 tahliye edildi.<br \/>\n<br \/>Olay, Menemen il\u00e7esi 29 Ekim Mahallesi\u2019nde meydana geldi. Edinilen bilgiye g\u00f6re, gece saatlerinde bir sitenin \u00e7evresinde bulunan istinat duvar\u0131 b\u00fcy\u00fck bir g\u00fcr\u00fclt\u00fcyle \u00e7\u00f6kt\u00fc. G\u00fcr\u00fclt\u00fc \u00fczerine panik ya\u015fayan mahalle sakinleri durumu 112 Acil \u00c7a\u011fr\u0131 Merkezi\u2019ne bildirdi.<br \/>\n<br \/>\u0130hbar \u00fczerine b\u00f6lgeye polis ve belediye ekipleri sevk edildi. \u00c7\u00f6kme sonucu duvar\u0131n bir k\u0131sm\u0131 sitenin \u00e7evresine ve park halindeki ara\u00e7lar\u0131n \u00fczerine devrildi. Olayda 7 otomobilde g\u00f6\u00e7\u00fck, cam k\u0131r\u0131klar\u0131 ve ezilmeler olu\u015furken, istinat duvar\u0131na yak\u0131n konumdaki 4 binada da hasar meydana geldi. Zemin kat dairelerin bah\u00e7e duvarlar\u0131nda ve bina cephelerinde \u00e7atlaklar olu\u015ftu\u011fu \u00f6\u011frenildi.<\/p>\n<p>151 ki\u015fi tahliye edildi<br \/>\n<br \/>Binalarda ikamet eden toplam 151 ki\u015fi, tedbir ama\u00e7l\u0131 tahliye edildi. \u0130lk belirlemelere g\u00f6re olayda can kayb\u0131 ya da yaralanma ya\u015fanmad\u0131.<br \/>\n<br \/>Ekipler b\u00f6lgede g\u00fcvenlik \u015feridi olu\u015fturarak vatanda\u015flar\u0131n riskli alana yakla\u015fmas\u0131na izin vermedi. Muhtemel ikinci bir \u00e7\u00f6kme riskine kar\u015f\u0131 teknik inceleme ba\u015flat\u0131ld\u0131\u011f\u0131, istinat duvar\u0131n\u0131n arkas\u0131ndaki drenaj hatt\u0131 ve su tahliye sisteminin kontrol edildi\u011fi bildirildi.<br \/>\n<br \/>\u00c7\u00f6kme nedeninin yap\u0131lacak detayl\u0131 teknik raporun ard\u0131ndan netlik kazanaca\u011f\u0131, ilk de\u011ferlendirmelerde ise ya\u011f\u0131\u015f veya altyap\u0131 kaynakl\u0131 zemin doygunlu\u011fu ihtimali \u00fczerinde duruldu\u011fu \u00f6\u011frenildi.<br \/>\n<br \/>Olayla ilgili inceleme s\u00fcr\u00fcyor.<br \/><\/p>\n","protected":false},"excerpt":{"rendered":"<p>\u0130zmir\u2019in Menemen il\u00e7esinde bir sitenin \u00e7evresinde bulunan istinat duvar\u0131n\u0131n gece saatlerinde \u00e7\u00f6kmesi sonucu 4 bina ve 7 otomobilde hasar meydana geldi. Olayda can kayb\u0131 ya da yaralanma ya\u015fanmazken, 151 ki\u015fi tedbir ama\u00e7l\u0131 tahliye edildi. Olay, Menemen il\u00e7esi 29 Ekim Mahallesi\u2019nde meydana geldi. Edinilen bilgiye g\u00f6re, gece saatlerinde bir sitenin \u00e7evresinde bulunan istinat duvar\u0131 b\u00fcy\u00fck bir&#8230;<\/p>\n","protected":false},"author":1,"featured_media":87732,"comment_status":"open","ping_status":"open","sticky":false,"template":"","format":"standard","meta":{"_crdt_document":"","footnotes":""},"categories":[5],"tags":[],"class_list":["post-87731","post","type-post","status-publish","format-standard","has-post-thumbnail","hentry","category-asayis"],"_links":{"self":[{"href":"https:\/\/www.egemtv.com\/index.php?rest_route=\/wp\/v2\/posts\/87731","targetHints":{"allow":["GET"]}}],"collection":[{"href":"https:\/\/www.egemtv.com\/index.php?rest_route=\/wp\/v2\/posts"}],"about":[{"href":"https:\/\/www.egemtv.com\/index.php?rest_route=\/wp\/v2\/types\/post"}],"author":[{"embeddable":true,"href":"https:\/\/www.egemtv.com\/index.php?rest_route=\/wp\/v2\/users\/1"}],"replies":[{"embeddable":true,"href":"https:\/\/www.egemtv.com\/index.php?rest_route=%2Fwp%2Fv2%2Fcomments&post=87731"}],"version-history":[{"count":1,"href":"https:\/\/www.egemtv.com\/index.php?rest_route=\/wp\/v2\/posts\/87731\/revisions"}],"predecessor-version":[{"id":87733,"href":"https:\/\/www.egemtv.com\/index.php?rest_route=\/wp\/v2\/posts\/87731\/revisions\/87733"}],"wp:featuredmedia":[{"embeddable":true,"href":"https:\/\/www.egemtv.com\/index.php?rest_route=\/wp\/v2\/media\/87732"}],"wp:attachment":[{"href":"https:\/\/www.egemtv.com\/index.php?rest_route=%2Fwp%2Fv2%2Fmedia&parent=87731"}],"wp:term":[{"taxonomy":"category","embeddable":true,"href":"https:\/\/www.egemtv.com\/index.php?rest_route=%2Fwp%2Fv2%2Fcategories&post=87731"},{"taxonomy":"post_tag","embeddable":true,"href":"https:\/\/www.egemtv.com\/index.php?rest_route=%2Fwp%2Fv2%2Ftags&post=87731"}],"curies":[{"name":"wp","href":"https:\/\/api.w.org\/{rel}","templated":true}]}}