{"id":87728,"date":"2026-02-14T12:54:54","date_gmt":"2026-02-14T09:54:54","guid":{"rendered":"https:\/\/www.egemtv.com\/?p=87728"},"modified":"2026-02-14T12:54:55","modified_gmt":"2026-02-14T09:54:55","slug":"uluslararasi-genclik-merkezinde-sanat-atolyeleri-genclerle-bulusmaya-devam-ediyor","status":"publish","type":"post","link":"https:\/\/www.egemtv.com\/?p=87728","title":{"rendered":"Uluslararas\u0131 Gen\u00e7lik Merkezi\u2019nde sanat at\u00f6lyeleri gen\u00e7lerle bulu\u015fmaya devam ediyor"},"content":{"rendered":"<p>Mente\u015fe Gen\u00e7lik ve Spor \u0130l\u00e7e M\u00fcd\u00fcrl\u00fc\u011f\u00fc b\u00fcnyesinde faaliyetlerini s\u00fcrd\u00fcren Uluslararas\u0131 Gen\u00e7lik Merkezi, g\u00f6n\u00fcll\u00fc gen\u00e7lerin sanatsal geli\u015fimlerine katk\u0131 sa\u011flamak amac\u0131yla d\u00fczenledi\u011fi at\u00f6lye \u00e7al\u0131\u015fmalar\u0131na aral\u0131ks\u0131z devam ediyor. Gen\u00e7lerin sanat\u0131n farkl\u0131 alanlar\u0131n\u0131 deneyimlemelerine imk\u00e2n sunan \u00e7al\u0131\u015fmalar, hem bireysel yeteneklerin ke\u015ffedilmesine hem de sosyal ve k\u00fclt\u00fcrel geli\u015fimlerine \u00f6nemli katk\u0131lar sa\u011fl\u0131yor.<br \/>\n<br \/>Uluslararas\u0131 Gen\u00e7lik Merkezi\u2019nde her hafta d\u00fczenli olarak ger\u00e7ekle\u015ftirilen seramik, ebru sanat\u0131 ve temel \u00e7izim teknikleri at\u00f6lyeleri, gen\u00e7lerin yo\u011fun ilgisiyle s\u00fcrd\u00fcr\u00fcl\u00fcyor. Alan\u0131nda deneyimli e\u011fitmenler e\u015fli\u011finde yap\u0131lan at\u00f6lyelerde gen\u00e7ler; \u00fcretmenin, payla\u015fman\u0131n ve sanat yoluyla kendilerini ifade etmenin mutlulu\u011funu ya\u015f\u0131yor. Seramik at\u00f6lyesinde gen\u00e7ler, hayal g\u00fc\u00e7lerini \u015fekillendirerek \u00f6zg\u00fcn tasar\u0131mlar ortaya koyarken, ebru sanat\u0131 at\u00f6lyesinde geleneksel sanatlar\u0131m\u0131zdan biri olan ebrunun inceliklerini \u00f6\u011freniyor. Temel \u00e7izim teknikleri at\u00f6lyesinde ise kat\u0131l\u0131mc\u0131lar, \u00e7izim becerilerini geli\u015ftirerek sanata bak\u0131\u015f a\u00e7\u0131lar\u0131n\u0131 g\u00fc\u00e7lendiriyor ve estetik fark\u0131ndal\u0131k kazan\u0131yor. Sanat at\u00f6lyeleri sayesinde gen\u00e7ler yaln\u0131zca teknik bilgi edinmekle kalm\u0131yor, ayn\u0131 zamanda ekip \u00e7al\u0131\u015fmas\u0131, sab\u0131r ve disiplin gibi \u00f6nemli kazan\u0131mlar da elde ediyor. Uluslararas\u0131 Gen\u00e7lik Merkezi yetkilileri, gen\u00e7lerin k\u00fclt\u00fcr ve sanatla daha fazla bulu\u015fmas\u0131n\u0131 sa\u011flamak amac\u0131yla farkl\u0131 sanat dallar\u0131nda at\u00f6lye \u00e7al\u0131\u015fmalar\u0131n\u0131n y\u0131l boyunca devam edece\u011fini belirtti. Gen\u00e7lerin \u00fcretkenli\u011fini destekleyen ve sanat\u0131 g\u00fcnl\u00fck ya\u015fam\u0131n bir par\u00e7as\u0131 haline getirmeyi ama\u00e7layan bu \u00e7al\u0131\u015fmalar, Mente\u015fe\u2019de gen\u00e7lik faaliyetlerine de\u011fer katmaya devam ediyor.<br \/><\/p>\n","protected":false},"excerpt":{"rendered":"<p>Mente\u015fe Gen\u00e7lik ve Spor \u0130l\u00e7e M\u00fcd\u00fcrl\u00fc\u011f\u00fc b\u00fcnyesinde faaliyetlerini s\u00fcrd\u00fcren Uluslararas\u0131 Gen\u00e7lik Merkezi, g\u00f6n\u00fcll\u00fc gen\u00e7lerin sanatsal geli\u015fimlerine katk\u0131 sa\u011flamak amac\u0131yla d\u00fczenledi\u011fi at\u00f6lye \u00e7al\u0131\u015fmalar\u0131na aral\u0131ks\u0131z devam ediyor. Gen\u00e7lerin sanat\u0131n farkl\u0131 alanlar\u0131n\u0131 deneyimlemelerine imk\u00e2n sunan \u00e7al\u0131\u015fmalar, hem bireysel yeteneklerin ke\u015ffedilmesine hem de sosyal ve k\u00fclt\u00fcrel geli\u015fimlerine \u00f6nemli katk\u0131lar sa\u011fl\u0131yor. Uluslararas\u0131 Gen\u00e7lik Merkezi\u2019nde her hafta d\u00fczenli olarak ger\u00e7ekle\u015ftirilen seramik,&#8230;<\/p>\n","protected":false},"author":1,"featured_media":87729,"comment_status":"open","ping_status":"open","sticky":false,"template":"","format":"standard","meta":{"_crdt_document":"","footnotes":""},"categories":[1],"tags":[],"class_list":["post-87728","post","type-post","status-publish","format-standard","has-post-thumbnail","hentry","category-guncel"],"_links":{"self":[{"href":"https:\/\/www.egemtv.com\/index.php?rest_route=\/wp\/v2\/posts\/87728","targetHints":{"allow":["GET"]}}],"collection":[{"href":"https:\/\/www.egemtv.com\/index.php?rest_route=\/wp\/v2\/posts"}],"about":[{"href":"https:\/\/www.egemtv.com\/index.php?rest_route=\/wp\/v2\/types\/post"}],"author":[{"embeddable":true,"href":"https:\/\/www.egemtv.com\/index.php?rest_route=\/wp\/v2\/users\/1"}],"replies":[{"embeddable":true,"href":"https:\/\/www.egemtv.com\/index.php?rest_route=%2Fwp%2Fv2%2Fcomments&post=87728"}],"version-history":[{"count":1,"href":"https:\/\/www.egemtv.com\/index.php?rest_route=\/wp\/v2\/posts\/87728\/revisions"}],"predecessor-version":[{"id":87730,"href":"https:\/\/www.egemtv.com\/index.php?rest_route=\/wp\/v2\/posts\/87728\/revisions\/87730"}],"wp:featuredmedia":[{"embeddable":true,"href":"https:\/\/www.egemtv.com\/index.php?rest_route=\/wp\/v2\/media\/87729"}],"wp:attachment":[{"href":"https:\/\/www.egemtv.com\/index.php?rest_route=%2Fwp%2Fv2%2Fmedia&parent=87728"}],"wp:term":[{"taxonomy":"category","embeddable":true,"href":"https:\/\/www.egemtv.com\/index.php?rest_route=%2Fwp%2Fv2%2Fcategories&post=87728"},{"taxonomy":"post_tag","embeddable":true,"href":"https:\/\/www.egemtv.com\/index.php?rest_route=%2Fwp%2Fv2%2Ftags&post=87728"}],"curies":[{"name":"wp","href":"https:\/\/api.w.org\/{rel}","templated":true}]}}