{"id":87725,"date":"2026-02-14T12:35:48","date_gmt":"2026-02-14T09:35:48","guid":{"rendered":"https:\/\/www.egemtv.com\/?p=87725"},"modified":"2026-02-14T12:35:50","modified_gmt":"2026-02-14T09:35:50","slug":"genc-yasta-kalbine-yenik-dustu","status":"publish","type":"post","link":"https:\/\/www.egemtv.com\/?p=87725","title":{"rendered":"Gen\u00e7 ya\u015fta kalbine yenik d\u00fc\u015ft\u00fc"},"content":{"rendered":"<p>Ayd\u0131n\u2019\u0131n Efeler il\u00e7esinde ya\u015fayan 16 ya\u015f\u0131ndaki Enes Kocag\u00f6z, ge\u00e7irdi\u011fi kalp krizi sonucu hayat\u0131n\u0131 kaybetti.<br \/>\n<br \/>Ayd\u0131n\u2019\u0131n Efeler il\u00e7esinde ya\u015fayan 16 ya\u015f\u0131ndaki lise \u00f6\u011frencisi Enes Kocag\u00f6z, ge\u00e7irdi\u011fi kalp krizi sonucu hayat\u0131n\u0131 kaybetti. Ac\u0131 haber, ailesi ba\u015fta olmak \u00fczere okul arkada\u015flar\u0131 ve e\u011fitim camias\u0131n\u0131 yasa bo\u011fdu. Efeler Cumhuriyet Anadolu Lisesi 11. s\u0131n\u0131f \u00f6\u011frencisi olan Enes Kocag\u00f6z\u2019\u00fcn cenazesinin bug\u00fcn Bey Camii\u2019nde k\u0131l\u0131nacak ikindi namaz\u0131n\u0131n ard\u0131ndan Kemer Mezarl\u0131\u011f\u0131\u2019na defnedilecek.<br \/><\/p>\n","protected":false},"excerpt":{"rendered":"<p>Ayd\u0131n\u2019\u0131n Efeler il\u00e7esinde ya\u015fayan 16 ya\u015f\u0131ndaki Enes Kocag\u00f6z, ge\u00e7irdi\u011fi kalp krizi sonucu hayat\u0131n\u0131 kaybetti. Ayd\u0131n\u2019\u0131n Efeler il\u00e7esinde ya\u015fayan 16 ya\u015f\u0131ndaki lise \u00f6\u011frencisi Enes Kocag\u00f6z, ge\u00e7irdi\u011fi kalp krizi sonucu hayat\u0131n\u0131 kaybetti. Ac\u0131 haber, ailesi ba\u015fta olmak \u00fczere okul arkada\u015flar\u0131 ve e\u011fitim camias\u0131n\u0131 yasa bo\u011fdu. Efeler Cumhuriyet Anadolu Lisesi 11. s\u0131n\u0131f \u00f6\u011frencisi olan Enes Kocag\u00f6z\u2019\u00fcn cenazesinin bug\u00fcn&#8230;<\/p>\n","protected":false},"author":1,"featured_media":87726,"comment_status":"open","ping_status":"open","sticky":false,"template":"","format":"standard","meta":{"_crdt_document":"","footnotes":""},"categories":[1],"tags":[],"class_list":["post-87725","post","type-post","status-publish","format-standard","has-post-thumbnail","hentry","category-guncel"],"_links":{"self":[{"href":"https:\/\/www.egemtv.com\/index.php?rest_route=\/wp\/v2\/posts\/87725","targetHints":{"allow":["GET"]}}],"collection":[{"href":"https:\/\/www.egemtv.com\/index.php?rest_route=\/wp\/v2\/posts"}],"about":[{"href":"https:\/\/www.egemtv.com\/index.php?rest_route=\/wp\/v2\/types\/post"}],"author":[{"embeddable":true,"href":"https:\/\/www.egemtv.com\/index.php?rest_route=\/wp\/v2\/users\/1"}],"replies":[{"embeddable":true,"href":"https:\/\/www.egemtv.com\/index.php?rest_route=%2Fwp%2Fv2%2Fcomments&post=87725"}],"version-history":[{"count":1,"href":"https:\/\/www.egemtv.com\/index.php?rest_route=\/wp\/v2\/posts\/87725\/revisions"}],"predecessor-version":[{"id":87727,"href":"https:\/\/www.egemtv.com\/index.php?rest_route=\/wp\/v2\/posts\/87725\/revisions\/87727"}],"wp:featuredmedia":[{"embeddable":true,"href":"https:\/\/www.egemtv.com\/index.php?rest_route=\/wp\/v2\/media\/87726"}],"wp:attachment":[{"href":"https:\/\/www.egemtv.com\/index.php?rest_route=%2Fwp%2Fv2%2Fmedia&parent=87725"}],"wp:term":[{"taxonomy":"category","embeddable":true,"href":"https:\/\/www.egemtv.com\/index.php?rest_route=%2Fwp%2Fv2%2Fcategories&post=87725"},{"taxonomy":"post_tag","embeddable":true,"href":"https:\/\/www.egemtv.com\/index.php?rest_route=%2Fwp%2Fv2%2Ftags&post=87725"}],"curies":[{"name":"wp","href":"https:\/\/api.w.org\/{rel}","templated":true}]}}