{"id":87722,"date":"2026-02-14T12:35:47","date_gmt":"2026-02-14T09:35:47","guid":{"rendered":"https:\/\/www.egemtv.com\/?p=87722"},"modified":"2026-02-14T12:35:48","modified_gmt":"2026-02-14T09:35:48","slug":"baskan-aras-kirsalda-uretim-varsa-kentte-bereket-vardir","status":"publish","type":"post","link":"https:\/\/www.egemtv.com\/?p=87722","title":{"rendered":"Ba\u015fkan Aras: &#8220;K\u0131rsalda \u00fcretim varsa, kentte bereket vard\u0131r&#8221;"},"content":{"rendered":"<p>Mu\u011fla B\u00fcy\u00fck\u015fehir Belediyesi, tar\u0131msal \u00fcretimin devaml\u0131l\u0131\u011f\u0131n\u0131 sa\u011flamak, k\u0131rsal kalk\u0131nmay\u0131 desteklemek ve \u00fcreticilerin maliyet y\u00fck\u00fcn\u00fc azaltmak amac\u0131yla kent genelinde destek projelerine devam ediyor.<br \/>\n<br \/>Bu kapsamda B\u00fcy\u00fck\u015fehir Belediyesi, Seydikemer il\u00e7esinde \u00fcreticilere bal\u0131k yemi ve fidan deste\u011fi verdi. Sa\u011flanan desteklerle k\u0131rsal kalk\u0131nman\u0131n g\u00fc\u00e7lendirilmesi, katma de\u011feri y\u00fcksek tar\u0131msal \u00fcr\u00fcnlerin yayg\u0131nla\u015ft\u0131r\u0131lmas\u0131 ve aile ekonomisine katk\u0131 sunulmas\u0131 hedefleniyor.<br \/>\n<br \/>Seydikemer Bo\u011falar Mahallesi \u00fcreticilerinden Yusuf Siper, verilen desteklerin k\u0131rsal \u00fcretim a\u00e7\u0131s\u0131ndan b\u00fcy\u00fck \u00f6nem ta\u015f\u0131d\u0131\u011f\u0131n\u0131 belirterek, &#8220;Ahmet Ba\u015fkan\u0131m\u0131z, k\u0131rsalda ya\u015fayan vatanda\u015flar\u0131m\u0131za tohum, mineral ta\u015f\u0131, fidan deste\u011finin yan\u0131 s\u0131ra s\u00fct so\u011futma tank\u0131, s\u00fct transfer tank\u0131 ve jenarat\u00f6r deste\u011fi sa\u011flayarak \u00e7ok \u00f6nemli katk\u0131lar sunuyor. K\u0131rsalda \u00fcretim yapan vatanda\u015flar\u0131m\u0131z\u0131n katma de\u011ferini art\u0131rmaya y\u00f6nelik bu destekler, di\u011fer illere \u00f6rnek olabilecek niteliktedir. Yap\u0131lan destekler sayesinde \u00fcretim maliyetlerimiz d\u00fc\u015ferken, katma de\u011feri y\u00fcksek \u00fcr\u00fcnler \u00fcretme imk\u00e2n\u0131 da bulduk&#8221; dedi.<br \/>\n<br \/>Mu\u011fla Alabal\u0131k Yeti\u015ftiricileri Birli\u011fi Ba\u015fkan\u0131 H\u00fcseyin Y\u0131ld\u0131r\u0131m su \u00fcr\u00fcnleri sekt\u00f6r\u00fcnde verilen desteklerin \u00f6nemine dikkat \u00e7ekerek, &#8220;Mu\u011fla B\u00fcy\u00fck\u015fehir Belediyemizle birlikte k\u00fc\u00e7\u00fck aile i\u015fletmelerimize bal\u0131k yemi deste\u011finde bulunuyoruz. Hem devletimizin hem de yerel y\u00f6netimlerimizin sa\u011flad\u0131\u011f\u0131 destekler b\u00fcy\u00fck \u00f6nem ta\u015f\u0131yor. \u00dcreticilerimize da\u011f\u0131t\u0131lan bal\u0131k yemleri, B\u00fcy\u00fck\u015fehir Belediyemizin \u00fcreticiye verdi\u011fi de\u011ferin somut bir g\u00f6stergesidir&#8221; dedi.<br \/>\n<br \/>Seydikemer Muhtarlar Derne\u011fi Ba\u015fkan\u0131 ve Seydiler Muhtar\u0131 Mehmet G\u00fcven, ge\u00e7mi\u015fte Mu\u011fla\u2019n\u0131n b\u00fcy\u00fck\u015fehir olmas\u0131n\u0131n il\u00e7eye hizmet getirme konusunda endi\u015fe olu\u015fturdu\u011funu belirterek, bug\u00fcn gelinen noktada bu kayg\u0131lar\u0131n tamamen ortadan kalkt\u0131\u011f\u0131n\u0131 s\u00f6yledi. Muhtarlar Derne\u011fi Ba\u015fkan\u0131 G\u00fcven, &#8220;\u00d6nceden Mu\u011fla B\u00fcy\u00fck\u015fehir olunca buraya nas\u0131l hizmet gelecek diye bir endi\u015femiz vard\u0131. Ancak bug\u00fcn son derece s\u0131cak ve \u00fcreticiyi merkeze alan bir ortam g\u00f6r\u00fcyoruz. B\u00fcy\u00fck\u015fehir Belediye Ba\u015fkan\u0131m\u0131z Say\u0131n Ahmet Aras\u2019\u0131n destekleriyle \u00fcreticilerimize bal\u0131k yemi, fidan,  s\u00fct so\u011futma tank\u0131, s\u00fct transfer tank\u0131 ve jenarat\u00f6r deste\u011fi destekleri sa\u011fland\u0131 ve ayr\u0131ca kre\u015fimizin a\u00e7\u0131l\u0131\u015f\u0131 yap\u0131ld\u0131&#8221; dedi.<br \/>\n<br \/>Ba\u015fkan Aras: &#8220;\u00dcreticimizin yan\u0131nda olmaya devam edece\u011fiz&#8221;<br \/>\n<br \/>K\u0131y\u0131 Ege Belediyeler Birli\u011fi ve Mu\u011fla B\u00fcy\u00fck\u015fehir Belediye Ba\u015fkan\u0131 Ahmet Aras, \u00fcreticilere verilen desteklerle ilgili yapt\u0131\u011f\u0131 a\u00e7\u0131klamada, k\u0131rsalda \u00fcretimin g\u00fc\u00e7lendirilmesinin \u00f6ncelikleri aras\u0131nda yer ald\u0131\u011f\u0131n\u0131 vurgulad\u0131.<br \/>\n<br \/>Ba\u015fkan Aras, &#8220;Mu\u011fla\u2019m\u0131zda topra\u011f\u0131na, suyuna ve eme\u011fine sahip \u00e7\u0131kan \u00fcreticilerimizin her zaman yan\u0131nda olduk ve olmaya da devam ediyoruz. Bal\u0131k yemi, fidan, s\u00fct so\u011futma tank\u0131, s\u00fct transfer tank\u0131 ve jenarat\u00f6r desteklerimizle hem \u00fcretim maliyetlerini azaltmay\u0131 hem de \u00fcreticimizin eme\u011finin kar\u015f\u0131l\u0131\u011f\u0131n\u0131 almas\u0131n\u0131 istiyoruz. K\u0131rsalda \u00fcretim varsa, kentte bereket vard\u0131r.&#8221; dedi.<br \/>\n<br \/>\u00dcretimin s\u00fcrd\u00fcr\u00fclebilirli\u011fine dikkat \u00e7eken Ba\u015fkan Aras, &#8220;Amac\u0131m\u0131z, gen\u00e7lerin ve ailelerin k\u0131rsalda \u00fcretimden kopmamas\u0131n\u0131 sa\u011flamak. B\u00f6lgeye uygun, katma de\u011feri y\u00fcksek \u00fcr\u00fcnlerle hem do\u011fam\u0131z\u0131 koruyaca\u011f\u0131z hem de \u00fcreticimizin gelirini art\u0131raca\u011f\u0131z. Seydikemer\u2019de oldu\u011fu gibi Mu\u011fla\u2019n\u0131n t\u00fcm il\u00e7elerinde \u00fcreticimizin yan\u0131nda olmaya, tar\u0131msal desteklerimizi art\u0131rarak s\u00fcrd\u00fcrmeye devam edece\u011fiz&#8221; ifadelerini kulland\u0131.<br \/><\/p>\n","protected":false},"excerpt":{"rendered":"<p>Mu\u011fla B\u00fcy\u00fck\u015fehir Belediyesi, tar\u0131msal \u00fcretimin devaml\u0131l\u0131\u011f\u0131n\u0131 sa\u011flamak, k\u0131rsal kalk\u0131nmay\u0131 desteklemek ve \u00fcreticilerin maliyet y\u00fck\u00fcn\u00fc azaltmak amac\u0131yla kent genelinde destek projelerine devam ediyor. Bu kapsamda B\u00fcy\u00fck\u015fehir Belediyesi, Seydikemer il\u00e7esinde \u00fcreticilere bal\u0131k yemi ve fidan deste\u011fi verdi. Sa\u011flanan desteklerle k\u0131rsal kalk\u0131nman\u0131n g\u00fc\u00e7lendirilmesi, katma de\u011feri y\u00fcksek tar\u0131msal \u00fcr\u00fcnlerin yayg\u0131nla\u015ft\u0131r\u0131lmas\u0131 ve aile ekonomisine katk\u0131 sunulmas\u0131 hedefleniyor. Seydikemer Bo\u011falar Mahallesi&#8230;<\/p>\n","protected":false},"author":1,"featured_media":87723,"comment_status":"open","ping_status":"open","sticky":false,"template":"","format":"standard","meta":{"_crdt_document":"","footnotes":""},"categories":[125],"tags":[],"class_list":["post-87722","post","type-post","status-publish","format-standard","has-post-thumbnail","hentry","category-ekonomi"],"_links":{"self":[{"href":"https:\/\/www.egemtv.com\/index.php?rest_route=\/wp\/v2\/posts\/87722","targetHints":{"allow":["GET"]}}],"collection":[{"href":"https:\/\/www.egemtv.com\/index.php?rest_route=\/wp\/v2\/posts"}],"about":[{"href":"https:\/\/www.egemtv.com\/index.php?rest_route=\/wp\/v2\/types\/post"}],"author":[{"embeddable":true,"href":"https:\/\/www.egemtv.com\/index.php?rest_route=\/wp\/v2\/users\/1"}],"replies":[{"embeddable":true,"href":"https:\/\/www.egemtv.com\/index.php?rest_route=%2Fwp%2Fv2%2Fcomments&post=87722"}],"version-history":[{"count":1,"href":"https:\/\/www.egemtv.com\/index.php?rest_route=\/wp\/v2\/posts\/87722\/revisions"}],"predecessor-version":[{"id":87724,"href":"https:\/\/www.egemtv.com\/index.php?rest_route=\/wp\/v2\/posts\/87722\/revisions\/87724"}],"wp:featuredmedia":[{"embeddable":true,"href":"https:\/\/www.egemtv.com\/index.php?rest_route=\/wp\/v2\/media\/87723"}],"wp:attachment":[{"href":"https:\/\/www.egemtv.com\/index.php?rest_route=%2Fwp%2Fv2%2Fmedia&parent=87722"}],"wp:term":[{"taxonomy":"category","embeddable":true,"href":"https:\/\/www.egemtv.com\/index.php?rest_route=%2Fwp%2Fv2%2Fcategories&post=87722"},{"taxonomy":"post_tag","embeddable":true,"href":"https:\/\/www.egemtv.com\/index.php?rest_route=%2Fwp%2Fv2%2Ftags&post=87722"}],"curies":[{"name":"wp","href":"https:\/\/api.w.org\/{rel}","templated":true}]}}