{"id":87719,"date":"2026-02-14T12:14:54","date_gmt":"2026-02-14T09:14:54","guid":{"rendered":"https:\/\/www.egemtv.com\/?p=87719"},"modified":"2026-02-14T12:14:57","modified_gmt":"2026-02-14T09:14:57","slug":"tavsanli-linyitspordan-dev-destek-lansmani","status":"publish","type":"post","link":"https:\/\/www.egemtv.com\/?p=87719","title":{"rendered":"Tav\u015fanl\u0131 Linyitspor\u2019dan dev destek lansman\u0131"},"content":{"rendered":"<p>B\u00f6lgesel Amat\u00f6r Lig\u2019de (BAL) sezona \u015fampiyonluk hedefiyle giren ancak ilk devrede beklenen sonu\u00e7lar\u0131 alamayan TK\u0130 Tav\u015fanl\u0131 Linyitspor, ikinci yar\u0131ya yeni teknik heyet, transferler ve b\u00fcy\u00fck bir destek organizasyonuyla \u2019merhaba\u2019 dedi. Tav\u015fanl\u0131 K\u00fclt\u00fcr Saray\u0131\u2019nda d\u00fczenlenen forma tan\u0131t\u0131m\u0131 ve destek program\u0131nda, il\u00e7enin dinamikleri k\u0131rm\u0131z\u0131-beyazl\u0131 kul\u00fcp i\u00e7in tek y\u00fcrek oldu.<br \/>\n<br \/>Programa K\u00fctahya Milletvekili Mehmet Demir, Tav\u015fanl\u0131 Belediye Ba\u015fkan\u0131 Ali Kemal Derin, GL\u0130 M\u00fcd\u00fcr\u00fc Fatih Mehmet Bilge, Domani\u00e7 Belediye Ba\u015fkan\u0131 Engin Uysal, Tav\u015fanl\u0131 Ticaret ve Sanayi Odas\u0131 (TTSO) Ba\u015fkan\u0131 Davut Efe, Maden \u0130\u015f Sendikas\u0131 Bat\u0131 Anadolu \u015eube Ba\u015fkan\u0131 Yusuf Yaman, AK Parti \u0130l\u00e7e Ba\u015fkan\u0131 Himmet \u00d6zer, MHP \u0130l\u00e7e Ba\u015fkan\u0131 K\u00fcr\u015fat \u00d6zta\u015f, YRP \u0130l\u00e7e Ba\u015fkan\u0131 Abdullah Kul, i\u015f d\u00fcnyas\u0131n\u0131n temsilcileri, Domani\u00e7spor Kul\u00fcp Ba\u015fkan\u0131 Mustafa Temel Erg\u00fcn ve Tav\u015fanl\u0131 Linyitsporlu futbolcular kat\u0131ld\u0131.<br \/>\n<br \/>Toplant\u0131da s\u00f6z alan K\u00fctahya Milletvekili Mehmet Demir, Tav\u015fanl\u0131 Linyitspor\u2019un il\u00e7enin en \u00f6nemli markas\u0131 oldu\u011funu vurgulayarak \u015funlar\u0131 s\u00f6yledi:<br \/>\n<br \/>&#8220;Tav\u015fanl\u0131\u2019n\u0131n marka olmas\u0131na sebep olan Linyitspor i\u00e7in buraday\u0131z. Futbolcular\u0131m\u0131zla beraber \u00fcst\u00fcm\u00fcze d\u00fc\u015feni yapaca\u011f\u0131z. Yeniden Linyitspor T\u00fcrkiye g\u00fcndeminde olmal\u0131d\u0131r. Bu kul\u00fcbe emek veren Eski Milletvekilimiz H\u00fcsn\u00fc Ordu, Belediye Ba\u015fkanlar\u0131m\u0131z Ali \u0130hsan \u00c7ak\u0131r ve Mustafa G\u00fcler\u2019e te\u015fekk\u00fcr ediyorum. Bug\u00fcn g\u00f6rev bizdedir. Her \u00e7ocu\u011fumuza Linyitspor sevgisini a\u015f\u0131lamal\u0131 ve forma hediye etmeliyiz. Hepimiz ta\u015f\u0131n alt\u0131na elimizi koyarak formalar\u0131 sat\u0131n alal\u0131m.&#8221;<br \/>\n<br \/>Linyitspor\u2019un ba\u015far\u0131s\u0131 i\u00e7in birlik mesajlar\u0131n\u0131n verildi\u011fi gecede TTSO Ba\u015fkan\u0131 Davut Efe de, &#8220;Buradaki ortam\u0131 g\u00f6r\u00fcnce ba\u015far\u0131 bekliyoruz. Futbolcu gayreti \u00f6nemli, ba\u015faraca\u011f\u0131n\u0131za inan\u0131yoruz arkada\u015flar. \u0130\u015f sizde bitiyor, ba\u015far\u0131lar diliyorum&#8221; ifadelerini kullan\u0131rken; Maden \u0130\u015f Sendikas\u0131 \u015eube Ba\u015fkan\u0131 Yusuf Yaman ise, &#8220;TK\u0130 Tav\u015fanl\u0131 Linyitspor\u2019un sadece belli d\u00f6nemlerde de\u011fil, her an yan\u0131nday\u0131z&#8221; diyerek s\u00fcreklilik mesaj\u0131 verdi.<br \/>\n<br \/>Konu\u015fmalar\u0131n ard\u0131ndan sahneye davet edilen siyasiler, protokol \u00fcyeleri ve i\u015f insanlar\u0131, kul\u00fcbe katk\u0131 sa\u011flamak amac\u0131yla kendi b\u00fct\u00e7eleri do\u011frultusunda toplu forma sat\u0131n ald\u0131. \u0130kinci yar\u0131 \u00f6ncesi moral depolayan k\u0131rm\u0131z\u0131-beyazl\u0131 ekipte, yeni transferlerin ve teknik ekibin kararl\u0131l\u0131\u011f\u0131 dikkat \u00e7ekti.<br \/>\n<br \/>Program, toplu foto\u011fraf \u00e7ekimi ve destek taahh\u00fctlerinin ard\u0131ndan sona erdi.<br \/><\/p>\n","protected":false},"excerpt":{"rendered":"<p>B\u00f6lgesel Amat\u00f6r Lig\u2019de (BAL) sezona \u015fampiyonluk hedefiyle giren ancak ilk devrede beklenen sonu\u00e7lar\u0131 alamayan TK\u0130 Tav\u015fanl\u0131 Linyitspor, ikinci yar\u0131ya yeni teknik heyet, transferler ve b\u00fcy\u00fck bir destek organizasyonuyla \u2019merhaba\u2019 dedi. Tav\u015fanl\u0131 K\u00fclt\u00fcr Saray\u0131\u2019nda d\u00fczenlenen forma tan\u0131t\u0131m\u0131 ve destek program\u0131nda, il\u00e7enin dinamikleri k\u0131rm\u0131z\u0131-beyazl\u0131 kul\u00fcp i\u00e7in tek y\u00fcrek oldu. Programa K\u00fctahya Milletvekili Mehmet Demir, Tav\u015fanl\u0131 Belediye Ba\u015fkan\u0131&#8230;<\/p>\n","protected":false},"author":1,"featured_media":87720,"comment_status":"open","ping_status":"open","sticky":false,"template":"","format":"standard","meta":{"_crdt_document":"","footnotes":""},"categories":[4],"tags":[],"class_list":["post-87719","post","type-post","status-publish","format-standard","has-post-thumbnail","hentry","category-spor"],"_links":{"self":[{"href":"https:\/\/www.egemtv.com\/index.php?rest_route=\/wp\/v2\/posts\/87719","targetHints":{"allow":["GET"]}}],"collection":[{"href":"https:\/\/www.egemtv.com\/index.php?rest_route=\/wp\/v2\/posts"}],"about":[{"href":"https:\/\/www.egemtv.com\/index.php?rest_route=\/wp\/v2\/types\/post"}],"author":[{"embeddable":true,"href":"https:\/\/www.egemtv.com\/index.php?rest_route=\/wp\/v2\/users\/1"}],"replies":[{"embeddable":true,"href":"https:\/\/www.egemtv.com\/index.php?rest_route=%2Fwp%2Fv2%2Fcomments&post=87719"}],"version-history":[{"count":1,"href":"https:\/\/www.egemtv.com\/index.php?rest_route=\/wp\/v2\/posts\/87719\/revisions"}],"predecessor-version":[{"id":87721,"href":"https:\/\/www.egemtv.com\/index.php?rest_route=\/wp\/v2\/posts\/87719\/revisions\/87721"}],"wp:featuredmedia":[{"embeddable":true,"href":"https:\/\/www.egemtv.com\/index.php?rest_route=\/wp\/v2\/media\/87720"}],"wp:attachment":[{"href":"https:\/\/www.egemtv.com\/index.php?rest_route=%2Fwp%2Fv2%2Fmedia&parent=87719"}],"wp:term":[{"taxonomy":"category","embeddable":true,"href":"https:\/\/www.egemtv.com\/index.php?rest_route=%2Fwp%2Fv2%2Fcategories&post=87719"},{"taxonomy":"post_tag","embeddable":true,"href":"https:\/\/www.egemtv.com\/index.php?rest_route=%2Fwp%2Fv2%2Ftags&post=87719"}],"curies":[{"name":"wp","href":"https:\/\/api.w.org\/{rel}","templated":true}]}}