{"id":87716,"date":"2026-02-14T12:14:53","date_gmt":"2026-02-14T09:14:53","guid":{"rendered":"https:\/\/www.egemtv.com\/?p=87716"},"modified":"2026-02-14T12:14:54","modified_gmt":"2026-02-14T09:14:54","slug":"koskte-ogrencilere-su-verimliligi-egitimi-verildi","status":"publish","type":"post","link":"https:\/\/www.egemtv.com\/?p=87716","title":{"rendered":"K\u00f6\u015fk\u2019te \u00f6\u011frencilere su verimlili\u011fi e\u011fitimi verildi"},"content":{"rendered":"<p>Ayd\u0131n\u2019\u0131n K\u00f6\u015fk il\u00e7esinde ilkokul \u00f6\u011frencilerine verilen e\u011fitimde, suyun verimli kullan\u0131m\u0131 ve kaynaklar\u0131n korunmas\u0131 e\u011flenceli bir dille anlat\u0131ld\u0131.<br \/>\n<br \/>Ayd\u0131n \u0130l Tar\u0131m ve Orman M\u00fcd\u00fcrl\u00fc\u011f\u00fc b\u00fcnyesinde faaliyet g\u00f6steren Su Verimlili\u011fi Birimi taraf\u0131ndan, K\u00f6\u015fk il\u00e7esindeki Adnan Menderes \u0130lkokulu\u2019nda 3. ve 4. s\u0131n\u0131f \u00f6\u011frencilerine y\u00f6nelik &#8220;Okullarda Su Verimlili\u011fi&#8221; konulu e\u011fitim ger\u00e7ekle\u015ftirildi. E\u011fitimde \u00f6\u011frencilere, suyun do\u011fru ve tasarruflu kullan\u0131m\u0131, su kaynaklar\u0131n\u0131n korunmas\u0131n\u0131n \u00f6nemi ve g\u00fcnl\u00fck hayatta uygulanabilecek basit ama etkili tasarruf y\u00f6ntemleri e\u011flenceli ve \u00f6\u011fretici bir dille anlat\u0131ld\u0131. Su kaynaklar\u0131n\u0131n s\u00fcrd\u00fcr\u00fclebilirli\u011fi a\u00e7\u0131s\u0131ndan erken ya\u015fta bilin\u00e7 olu\u015fturman\u0131n b\u00fcy\u00fck \u00f6nem ta\u015f\u0131d\u0131\u011f\u0131n\u0131 vurgulayarak, \u00e7ocuklarda su bilinci olu\u015fturmak amac\u0131yla y\u00fcr\u00fct\u00fclen \u00e7al\u0131\u015fmalar\u0131n aral\u0131ks\u0131z devam edece\u011fini belirten Ayd\u0131n \u0130l Tar\u0131m ve Orman M\u00fcd\u00fcrl\u00fc\u011f\u00fc\u2019nden yap\u0131lan a\u00e7\u0131klamada &#8220;\u0130l M\u00fcd\u00fcrl\u00fc\u011f\u00fcm\u00fcz Tar\u0131msal Altyap\u0131 ve Arazi De\u011ferlendirme \u015eube M\u00fcd\u00fcrl\u00fc\u011f\u00fc b\u00fcnyesinde faaliyet g\u00f6steren Su Verimlili\u011fi Birimi taraf\u0131ndan, K\u00f6\u015fk il\u00e7emizde bulunan Adnan Menderes \u0130lkokulu\u2019nda 3. ve 4. s\u0131n\u0131f \u00f6\u011frencilerine y\u00f6nelik &#8220;Okullarda Su Verimlili\u011fi&#8221; konulu sunum ve e\u011fitim ger\u00e7ekle\u015ftirildi. E\u011fitimde, suyun do\u011fru ve tasarruflu kullan\u0131m\u0131, su kaynaklar\u0131n\u0131n korunmas\u0131n\u0131n \u00f6nemi, g\u00fcnl\u00fck hayatta uygulanabilecek basit ama etkili tasarruf y\u00f6ntemleri \u00f6\u011frencilerimize e\u011flenceli ve \u00f6\u011fretici bir dille aktar\u0131ld\u0131. Gelece\u011fimizin teminat\u0131 olan \u00e7ocuklar\u0131m\u0131zda su bilinci olu\u015fturmak amac\u0131yla y\u00fcr\u00fctt\u00fc\u011f\u00fcm\u00fcz \u00e7al\u0131\u015fmalar\u0131m\u0131z aral\u0131ks\u0131z devam edecektir&#8221; ifadeleri yer ald\u0131.<br \/><\/p>\n","protected":false},"excerpt":{"rendered":"<p>Ayd\u0131n\u2019\u0131n K\u00f6\u015fk il\u00e7esinde ilkokul \u00f6\u011frencilerine verilen e\u011fitimde, suyun verimli kullan\u0131m\u0131 ve kaynaklar\u0131n korunmas\u0131 e\u011flenceli bir dille anlat\u0131ld\u0131. Ayd\u0131n \u0130l Tar\u0131m ve Orman M\u00fcd\u00fcrl\u00fc\u011f\u00fc b\u00fcnyesinde faaliyet g\u00f6steren Su Verimlili\u011fi Birimi taraf\u0131ndan, K\u00f6\u015fk il\u00e7esindeki Adnan Menderes \u0130lkokulu\u2019nda 3. ve 4. s\u0131n\u0131f \u00f6\u011frencilerine y\u00f6nelik &#8220;Okullarda Su Verimlili\u011fi&#8221; konulu e\u011fitim ger\u00e7ekle\u015ftirildi. E\u011fitimde \u00f6\u011frencilere, suyun do\u011fru ve tasarruflu kullan\u0131m\u0131, su&#8230;<\/p>\n","protected":false},"author":1,"featured_media":87717,"comment_status":"open","ping_status":"open","sticky":false,"template":"","format":"standard","meta":{"_crdt_document":"","footnotes":""},"categories":[1],"tags":[],"class_list":["post-87716","post","type-post","status-publish","format-standard","has-post-thumbnail","hentry","category-guncel"],"_links":{"self":[{"href":"https:\/\/www.egemtv.com\/index.php?rest_route=\/wp\/v2\/posts\/87716","targetHints":{"allow":["GET"]}}],"collection":[{"href":"https:\/\/www.egemtv.com\/index.php?rest_route=\/wp\/v2\/posts"}],"about":[{"href":"https:\/\/www.egemtv.com\/index.php?rest_route=\/wp\/v2\/types\/post"}],"author":[{"embeddable":true,"href":"https:\/\/www.egemtv.com\/index.php?rest_route=\/wp\/v2\/users\/1"}],"replies":[{"embeddable":true,"href":"https:\/\/www.egemtv.com\/index.php?rest_route=%2Fwp%2Fv2%2Fcomments&post=87716"}],"version-history":[{"count":1,"href":"https:\/\/www.egemtv.com\/index.php?rest_route=\/wp\/v2\/posts\/87716\/revisions"}],"predecessor-version":[{"id":87718,"href":"https:\/\/www.egemtv.com\/index.php?rest_route=\/wp\/v2\/posts\/87716\/revisions\/87718"}],"wp:featuredmedia":[{"embeddable":true,"href":"https:\/\/www.egemtv.com\/index.php?rest_route=\/wp\/v2\/media\/87717"}],"wp:attachment":[{"href":"https:\/\/www.egemtv.com\/index.php?rest_route=%2Fwp%2Fv2%2Fmedia&parent=87716"}],"wp:term":[{"taxonomy":"category","embeddable":true,"href":"https:\/\/www.egemtv.com\/index.php?rest_route=%2Fwp%2Fv2%2Fcategories&post=87716"},{"taxonomy":"post_tag","embeddable":true,"href":"https:\/\/www.egemtv.com\/index.php?rest_route=%2Fwp%2Fv2%2Ftags&post=87716"}],"curies":[{"name":"wp","href":"https:\/\/api.w.org\/{rel}","templated":true}]}}