{"id":87713,"date":"2026-02-14T12:14:52","date_gmt":"2026-02-14T09:14:52","guid":{"rendered":"https:\/\/www.egemtv.com\/?p=87713"},"modified":"2026-02-14T12:14:53","modified_gmt":"2026-02-14T09:14:53","slug":"adulu-akademisyenler-nazillide-her-yonuyle-kadina-siddeti-anlatti","status":"publish","type":"post","link":"https:\/\/www.egemtv.com\/?p=87713","title":{"rendered":"AD\u00dc\u2019l\u00fc akademisyenler Nazilli\u2019de her y\u00f6n\u00fcyle kad\u0131na \u015fiddeti anlatt\u0131"},"content":{"rendered":"<p>Ayd\u0131n Adnan Menderes \u00dcniversitesi Kad\u0131n ve Aile \u00c7al\u0131\u015fmalar\u0131 Uygulama ve Ara\u015ft\u0131rma Merkezi Y\u00f6netim Kurulu \u00dcyeleri, Nazilli\u2019de g\u00f6rev yapan \u00f6\u011fretmenlere Kad\u0131na \u015fiddet semineri verdi.<\/p>\n<p>Nazilli \u0130l\u00e7e Milli E\u011fitim M\u00fcd\u00fcrl\u00fc\u011f\u00fc ve Nazilli Rehberlik ve Ara\u015ft\u0131rma Merkezi\u2019nin ev sahipli\u011finde Ayd\u0131n Adnan Menderes \u00dcniversitesi (AD\u00dc) Kad\u0131n ve Aile \u00c7al\u0131\u015fmalar\u0131 Uygulama ve Ara\u015ft\u0131rma Merkezi taraf\u0131ndan \u2018Kad\u0131na Y\u00f6nelik \u015eiddetle M\u00fccadele ve 8 Mart D\u00fcnya Kad\u0131nlar G\u00fcn\u00fc\u2019 kapsam\u0131ndaki y\u0131l\u0131n ilk etkinli\u011fi Nazilli\u2019de ger\u00e7ekle\u015ftirildi. Nazilli As\u0131m\u0131n Nesli A\u0130HL Konferans Salonunda Okul M\u00fcd\u00fcr\u00fc B\u00fcnyamin Aras ve Nazilli Rehberlik ve Ara\u015ft\u0131rma M\u00fcd\u00fcr\u00fc Ya\u015far I\u015flakca\u2019n\u0131n ev sahipli\u011finde d\u00fczenlenen etkinli\u011fe \u0130l Milli E\u011fitim \u015eube M\u00fcd\u00fcr\u00fc Mehmet Sebih \u00d6zden, Nazilli \u0130l\u00e7e Milli E\u011fitim M\u00fcd\u00fcr\u00fc \u0130smail \u015eim\u015fek, \u015eube M\u00fcd\u00fcrleri, Sosyal Hizmet Merkezi M\u00fcd\u00fcr\u00fc Mahmut \u00c7etin, okul m\u00fcd\u00fcrleri, \u00f6\u011fretmenler ve davetliler kat\u0131ld\u0131.<\/p>\n<p>Sayg\u0131 duru\u015fu ve \u0130stiklal Mar\u015f\u0131\u2019n\u0131n okunmas\u0131n\u0131n ard\u0131ndan Nazilli Rehberlik ve Ara\u015ft\u0131rma M\u00fcd\u00fcr\u00fc Ya\u015far I\u015flakca, yapt\u0131\u011f\u0131 a\u00e7\u0131l\u0131\u015f konu\u015fmas\u0131nda &#8220;Kad\u0131na y\u00f6nelik \u015fiddetle m\u00fccadele gibi son derece \u00f6nemli ve toplumsal sorumluluk gerektiren bir konuda d\u00fczenledi\u011fimiz bu konferansa kat\u0131l\u0131m\u0131n\u0131zdan dolay\u0131 hepinize te\u015fekk\u00fcr ediyorum. Kad\u0131na y\u00f6nelik \u015fiddet, yaln\u0131zca bireysel bir sorun de\u011fil, toplumsal yap\u0131y\u0131 derinden etkileyen, insan haklar\u0131n\u0131 ihlal eden ve gelecek nesilleri de do\u011frudan etkileyen \u00e7ok boyutlu bir problemdir. Fiziksel, psikolojik, ekonomik ve dijital \u015fiddet t\u00fcrleriyle kar\u015f\u0131m\u0131za \u00e7\u0131kan bu olgu, ancak bilin\u00e7lenme, i\u015f birli\u011fi ve kararl\u0131 bir m\u00fccadeleyle \u00f6nlenebilir. Rehberlik ve Ara\u015ft\u0131rma Merkezleri olarak bizler, koruyucu ve \u00f6nleyici rehberlik hizmetleriyle, bireyin ruh sa\u011fl\u0131\u011f\u0131n\u0131 g\u00fc\u00e7lendirmeyi, fark\u0131ndal\u0131k olu\u015fturmay\u0131 ve g\u00fcvenli ya\u015fam becerilerini desteklemeyi temel g\u00f6revlerimiz aras\u0131nda g\u00f6rmekteyiz. Bu do\u011frultuda d\u00fczenledi\u011fimiz konferans\u0131m\u0131z\u0131n, bilgi payla\u015f\u0131m\u0131n\u0131 art\u0131raca\u011f\u0131na, kurumlar aras\u0131 i\u015f birli\u011fini g\u00fc\u00e7lendirece\u011fine ve \u00f6zellikle fark\u0131ndal\u0131k a\u00e7\u0131s\u0131ndan \u00f6nemli kazan\u0131mlar sa\u011flayaca\u011f\u0131na inan\u0131yoruz. Bug\u00fcn burada, alan\u0131nda yetkin konu\u015fmac\u0131lar\u0131m\u0131zdan kad\u0131na y\u00f6nelik \u015fiddetin nedenlerini, sonu\u00e7lar\u0131n\u0131 ve \u00e7\u00f6z\u00fcm yollar\u0131n\u0131 bilimsel ve uygulamaya d\u00f6n\u00fck bak\u0131\u015f a\u00e7\u0131lar\u0131yla ele alaca\u011f\u0131z. Amac\u0131m\u0131z, sadece sorunlar\u0131 konu\u015fmak de\u011fil, ayn\u0131 zamanda \u00e7\u00f6z\u00fcm \u00fcretmek ve toplumsal duyarl\u0131l\u0131\u011f\u0131 art\u0131rmakt\u0131r&#8221; ifadelerine yer vererek ba\u015fta panelist akademisyenler olmak \u00fczere kat\u0131l\u0131m sa\u011flayan herkese te\u015fekk\u00fcr etti.<\/p>\n<p>M\u00fcd\u00fcr I\u015flakca\u2019n\u0131n konu\u015fmas\u0131n\u0131n ard\u0131ndan Kad\u0131n ve Aile \u00c7al\u0131\u015fmalar\u0131 Uygulama ve Ara\u015ft\u0131rma Merkezi Y\u00f6netim Kurulu \u00dcyeleri AD\u00dc Sosyal Bilimler Fak\u00fcltesi\u2019nden Dr.\u00d6\u011fretim \u00dcyesi Rukiye Aydo\u011fan, Hem\u015firelik Fak\u00fcltesi\u2019nden Dr.\u00d6\u011fretim \u00dcyesi G\u00fclfer Do\u011fan Pekince, AD\u00dc Ayd\u0131n MYO\u2019dan \u00d6\u011fretim G\u00f6revlileri Asl\u0131han Topal ve Dilek Ak\u0131c\u0131 sunumlar\u0131n\u0131 yapt\u0131. Kad\u0131na \u015fiddetin konu edildi\u011fi seminerde konu\u015fmac\u0131lar \u2018\u015eiddetin kad\u0131n sa\u011fl\u0131\u011f\u0131na ve aileye etkisi\u2019, \u2018e\u011fitim, kad\u0131n ve aile\u2019, \u2018medyada kad\u0131na y\u00f6nelik \u015fiddet ve kad\u0131n\u2019 ve \u2018aile ara\u015ft\u0131rma merkezlerinin fonksiyonu\u2019nu anlatt\u0131. 2 oturum halinde yakla\u015f\u0131k 4 saat s\u00fcren etkinli\u011fin sonunda izleyicilerin sorular\u0131 da yan\u0131tland\u0131.<\/p>\n<p>AD\u00dc b\u00fcnyesinde 2011 y\u0131l\u0131nda kurulan Kad\u0131n ve Aile \u00c7al\u0131\u015fmalar\u0131 Uygulama ve Ara\u015ft\u0131rma Merkezi hakk\u0131nda bilgi veren Kad\u0131n ve Aile \u00c7al\u0131\u015fmalar\u0131 Uygulama ve Ara\u015ft\u0131rma Merkezi M\u00fcd\u00fcr\u00fc \u00d6\u011fr. G\u00f6r. Dilek Ak\u0131c\u0131; &#8220;Misyonumuz, kad\u0131na ve aileye verilen de\u011ferin ve kad\u0131n\u0131n toplumsal stat\u00fcs\u00fcn\u00fcn geli\u015ftirilmesi i\u00e7in t\u00fcm kurum ve birimlerle i\u015fbirli\u011fi i\u00e7inde \u00e7al\u0131\u015fmak, alanla ilgili bilimsel ara\u015ft\u0131rma, kongre, sempozyum, \u00e7al\u0131\u015ftay, panel, konferans, seminer, kurs d\u00fczenlemek ve di\u011fer kurulu\u015flardan gelecek istekler do\u011frultusunda \u00f6nerilen ara\u015ft\u0131rma projelerini desteklemek ve y\u00fcr\u00fctmektir. Vizyonumuz ise Kad\u0131n ve aile ara\u015ft\u0131rmalar\u0131 alan\u0131nda faaliyet g\u00f6steren kurum, kurulu\u015f ve birimlerle i\u015fbirli\u011fi i\u00e7inde \u00e7al\u0131\u015fmak, misyon do\u011frultusunda fark\u0131ndal\u0131k olu\u015fturmak ve bu kapsamda \u00e7al\u0131\u015fan \u00f6nc\u00fc merkezlerden birisi haline gelmektir. AD\u00dc Rekt\u00f6r\u00fcm\u00fcz Prof. Dr. B\u00fclent Kent\u2019in b\u00fcy\u00fck destekleri ile merkezimiz g\u00f6n\u00fcll\u00fcl\u00fck esas\u0131na g\u00f6re \u00e7ok say\u0131da projeye ve \u00e7al\u0131\u015fmaya imza atm\u0131\u015ft\u0131r. \u00d6zellikle son y\u0131llarda y\u00fcr\u00fctt\u00fc\u011f\u00fcm\u00fcz faaliyetlerle uluslararas\u0131 \u00e7al\u0131\u015fmalarda payda\u015f olarak etkin rol oynamaktay\u0131z. Kad\u0131na \u015fiddet \u00fczerine yapt\u0131\u011f\u0131m\u0131z akademik \u00e7al\u0131\u015fmalar, bas\u0131l\u0131 yay\u0131nlar ve daha bir\u00e7ok proje ile \u00fcniversitemizin ismi ulusal alanda duyurulmu\u015ftur. \u00c7al\u0131\u015fmalar\u0131m\u0131z\u0131n sonucunda edindi\u011fimiz sonu\u00e7; kad\u0131na y\u00f6nelik \u015fiddet, bir e\u011fitim meselesi, bir aile meselesi ve bir toplumsal dayan\u0131kl\u0131l\u0131k meselesidir. \u00c7\u00fcnk\u00fc yaln\u0131zca kad\u0131n\u0131 etkilemez, aileyi, \u00e7ocu\u011fu okulu ve e\u011fitim sistemini de etkiler. Toplumsal yap\u0131y\u0131 etkiler. \u00c7o\u011fu zaman biz, bunun sonu\u00e7lar\u0131n\u0131 okul koridorlar\u0131nda akran zorbal\u0131\u011f\u0131 olarak g\u00f6r\u00fcr\u00fcz. Kad\u0131na y\u00f6nelik \u015fiddet \u00e7o\u011fu zaman, ekonomik ba\u011f\u0131ml\u0131l\u0131kla, toplumsal rol kal\u0131plar\u0131yla, g\u00fc\u00e7 dengesizlikleriyle, ileti\u015fim yoksunlu\u011fuyla, hak bilincinin zay\u0131fl\u0131\u011f\u0131yla ba\u011flant\u0131l\u0131d\u0131r. Fiziksel \u015fiddetin d\u0131\u015f\u0131nda psikolojik, ekonomik, s\u00f6zl\u00fc, dijital \u015fiddet de vard\u0131r. Bu \u015fiddet bi\u00e7imleri \u00e7ocuklar\u0131n d\u00fcnyas\u0131nda normalle\u015fti\u011finde, gelece\u011fin ili\u015fkileri de o norm \u00fczerine kurulur. Merkezler bu konularda do\u011frudan m\u00fcdahale kurumu de\u011fildir ama m\u00fcdahalenin bilimsel altyap\u0131s\u0131n\u0131 veriler sa\u011flayarak \u00fcretirler. Merkezler, e\u011fitim verir, akademik dan\u0131\u015fmanl\u0131k sa\u011flar ve kurumlar aras\u0131 koordinasyonu destekler. Bu da rehber \u00f6\u011fretmenlerin arkas\u0131ndaki bilimsel zemindir. Kad\u0131na y\u00f6nelik \u015fiddet, sa\u011fl\u0131k maliyetini art\u0131r\u0131r, e\u011fitim performans\u0131n\u0131 d\u00fc\u015f\u00fcr\u00fcr, sosyal uyumu zedeler, yoksulluk d\u00f6ng\u00fcs\u00fcn\u00fc derinle\u015ftirir. \u00d6nleyici mekanizma kurmak, kriz y\u00f6netiminden daha ekonomiktir. Bir \u015fehirde \u015fiddet oran\u0131n\u0131 azaltmak, okul terkini azalt\u0131r, gen\u00e7lerde riskli davran\u0131\u015f\u0131 d\u00fc\u015f\u00fcr\u00fcr, sosyal hizmet y\u00fck\u00fcn\u00fc hafifletir. Kad\u0131n ve Aile Ara\u015ft\u0131rma Merkezleri bu a\u00e7\u0131lardan bir sosyal erken uyar\u0131 sistemidir. \u015eiddet g\u00f6ren \u00e7ocuk, ileride ya \u015fiddet uygulay\u0131c\u0131 ya da yeniden ma\u011fdur olma riski ta\u015f\u0131r. Bu noktada kad\u0131n\u0131 g\u00fc\u00e7lendirmek, \u015fiddet d\u00f6ng\u00fcs\u00fcn\u00fc k\u0131rmakt\u0131r. Kad\u0131n\u0131n ekonomik ve sosyal g\u00fc\u00e7lenmesi, \u00e7ocu\u011fun g\u00fcvenli\u011fini art\u0131r\u0131r. Ailenin istikrar\u0131n\u0131 g\u00fc\u00e7lendirir. Toplumsal \u015fiddet riskini azalt\u0131r. Bu mesele aileyi zay\u0131flatmak de\u011fil; aileyi \u015fiddetten ar\u0131nd\u0131rarak g\u00fc\u00e7lendirmektir. Kad\u0131n ve Aile Ara\u015ft\u0131rma Merkezleri, \u015fiddeti g\u00f6r\u00fcn\u00fcr k\u0131lar ve nedenlerini analiz ederek \u00f6nleyici modeller \u00fcretir. E\u011fitim sistemini destekler ve toplumsal dayan\u0131kl\u0131l\u0131\u011f\u0131 art\u0131r\u0131r. \u015eiddetle m\u00fccadele yaln\u0131zca kollukla olmaz, bilimle ve e\u011fitimle, \u00f6nleyici politikayla olur. Kad\u0131n g\u00fc\u00e7lenirse \u015fiddet azal\u0131r. \u015eiddet azal\u0131rsa \u00e7ocuk g\u00fc\u00e7lenir. \u00c7ocuk g\u00fc\u00e7lenirse toplum g\u00fc\u00e7lenir. Bu nedenle Kad\u0131n ve Aile Ara\u015ft\u0131rma Merkezleri akademik bir l\u00fcks de\u011fil toplumsal bir zorunluluktur&#8221; dedi.<br \/><\/p>\n","protected":false},"excerpt":{"rendered":"<p>Ayd\u0131n Adnan Menderes \u00dcniversitesi Kad\u0131n ve Aile \u00c7al\u0131\u015fmalar\u0131 Uygulama ve Ara\u015ft\u0131rma Merkezi Y\u00f6netim Kurulu \u00dcyeleri, Nazilli\u2019de g\u00f6rev yapan \u00f6\u011fretmenlere Kad\u0131na \u015fiddet semineri verdi. Nazilli \u0130l\u00e7e Milli E\u011fitim M\u00fcd\u00fcrl\u00fc\u011f\u00fc ve Nazilli Rehberlik ve Ara\u015ft\u0131rma Merkezi\u2019nin ev sahipli\u011finde Ayd\u0131n Adnan Menderes \u00dcniversitesi (AD\u00dc) Kad\u0131n ve Aile \u00c7al\u0131\u015fmalar\u0131 Uygulama ve Ara\u015ft\u0131rma Merkezi taraf\u0131ndan \u2018Kad\u0131na Y\u00f6nelik \u015eiddetle M\u00fccadele ve&#8230;<\/p>\n","protected":false},"author":1,"featured_media":87714,"comment_status":"open","ping_status":"open","sticky":false,"template":"","format":"standard","meta":{"_crdt_document":"","footnotes":""},"categories":[1],"tags":[],"class_list":["post-87713","post","type-post","status-publish","format-standard","has-post-thumbnail","hentry","category-guncel"],"_links":{"self":[{"href":"https:\/\/www.egemtv.com\/index.php?rest_route=\/wp\/v2\/posts\/87713","targetHints":{"allow":["GET"]}}],"collection":[{"href":"https:\/\/www.egemtv.com\/index.php?rest_route=\/wp\/v2\/posts"}],"about":[{"href":"https:\/\/www.egemtv.com\/index.php?rest_route=\/wp\/v2\/types\/post"}],"author":[{"embeddable":true,"href":"https:\/\/www.egemtv.com\/index.php?rest_route=\/wp\/v2\/users\/1"}],"replies":[{"embeddable":true,"href":"https:\/\/www.egemtv.com\/index.php?rest_route=%2Fwp%2Fv2%2Fcomments&post=87713"}],"version-history":[{"count":1,"href":"https:\/\/www.egemtv.com\/index.php?rest_route=\/wp\/v2\/posts\/87713\/revisions"}],"predecessor-version":[{"id":87715,"href":"https:\/\/www.egemtv.com\/index.php?rest_route=\/wp\/v2\/posts\/87713\/revisions\/87715"}],"wp:featuredmedia":[{"embeddable":true,"href":"https:\/\/www.egemtv.com\/index.php?rest_route=\/wp\/v2\/media\/87714"}],"wp:attachment":[{"href":"https:\/\/www.egemtv.com\/index.php?rest_route=%2Fwp%2Fv2%2Fmedia&parent=87713"}],"wp:term":[{"taxonomy":"category","embeddable":true,"href":"https:\/\/www.egemtv.com\/index.php?rest_route=%2Fwp%2Fv2%2Fcategories&post=87713"},{"taxonomy":"post_tag","embeddable":true,"href":"https:\/\/www.egemtv.com\/index.php?rest_route=%2Fwp%2Fv2%2Ftags&post=87713"}],"curies":[{"name":"wp","href":"https:\/\/api.w.org\/{rel}","templated":true}]}}