{"id":87710,"date":"2026-02-14T12:14:51","date_gmt":"2026-02-14T09:14:51","guid":{"rendered":"https:\/\/www.egemtv.com\/?p=87710"},"modified":"2026-02-14T12:14:52","modified_gmt":"2026-02-14T09:14:52","slug":"sel-afetinde-zarar-goren-alanlarda-on-hasar-tespit-calismalari-basladi","status":"publish","type":"post","link":"https:\/\/www.egemtv.com\/?p=87710","title":{"rendered":"Sel afetinde zarar g\u00f6ren alanlarda \u00f6n hasar tespit \u00e7al\u0131\u015fmalar\u0131 ba\u015flad\u0131"},"content":{"rendered":"<p>Mu\u011fla\u2019n\u0131n K\u00f6yce\u011fiz, Ortaca ve Dalaman il\u00e7esinde sa\u011fanak ya\u011f\u0131\u015f sonras\u0131 ta\u015fan dereler \u00fczerindeki seralarda ve bah\u00e7elerde ya\u015fanan afet sonras\u0131 zarar g\u00f6ren alanlarda \u00f6n hasar tespit \u00e7al\u0131\u015fmas\u0131 yap\u0131l\u0131yor.<br \/>\n<br \/>K\u00f6yce\u011fiz, Ortaca ve Dalaman il\u00e7elerinde ya\u015fanan sel afeti sonras\u0131, \u0130l\u00e7e Tar\u0131m ve Orman M\u00fcd\u00fcrl\u00fc\u011f\u00fc teknik personellerince, olumsuz hava \u015fartlar\u0131na ra\u011fmen afetten etkilenen b\u00f6lgelerde saha \u00e7al\u0131\u015fmalar\u0131 ve ziyaretler ger\u00e7ekle\u015ftiriliyor. K\u00f6yce\u011fiz Mahallesi\u2019nde Yuvarlak\u00e7ay s\u0131n\u0131r\u0131nda bulunan seralarda \u00fcr\u00fcnleri zarar g\u00f6ren \u00fcreticiler ile K\u00f6yce\u011fiz P\u0131nar Mahallesi\u2019nde sel ve su bask\u0131n\u0131ndan etkilenen \u00fcreticiler \u0130l\u00e7e Tar\u0131m M\u00fcd\u00fcrl\u00fc\u011f\u00fcn\u00fcn ilgili birimleri, Devlet Su \u0130\u015fleri ve Do\u011fa Koruma ve Orman M\u00fcd\u00fcrl\u00fc\u011f\u00fc ile birlikte isti\u015fare edilerek ve koordinasyon i\u00e7inde \u00e7al\u0131\u015fma y\u00fcr\u00fct\u00fcl\u00fcyor.<br \/><\/p>\n","protected":false},"excerpt":{"rendered":"<p>Mu\u011fla\u2019n\u0131n K\u00f6yce\u011fiz, Ortaca ve Dalaman il\u00e7esinde sa\u011fanak ya\u011f\u0131\u015f sonras\u0131 ta\u015fan dereler \u00fczerindeki seralarda ve bah\u00e7elerde ya\u015fanan afet sonras\u0131 zarar g\u00f6ren alanlarda \u00f6n hasar tespit \u00e7al\u0131\u015fmas\u0131 yap\u0131l\u0131yor. K\u00f6yce\u011fiz, Ortaca ve Dalaman il\u00e7elerinde ya\u015fanan sel afeti sonras\u0131, \u0130l\u00e7e Tar\u0131m ve Orman M\u00fcd\u00fcrl\u00fc\u011f\u00fc teknik personellerince, olumsuz hava \u015fartlar\u0131na ra\u011fmen afetten etkilenen b\u00f6lgelerde saha \u00e7al\u0131\u015fmalar\u0131 ve ziyaretler ger\u00e7ekle\u015ftiriliyor. K\u00f6yce\u011fiz&#8230;<\/p>\n","protected":false},"author":1,"featured_media":87711,"comment_status":"open","ping_status":"open","sticky":false,"template":"","format":"standard","meta":{"_crdt_document":"","footnotes":""},"categories":[1],"tags":[],"class_list":["post-87710","post","type-post","status-publish","format-standard","has-post-thumbnail","hentry","category-guncel"],"_links":{"self":[{"href":"https:\/\/www.egemtv.com\/index.php?rest_route=\/wp\/v2\/posts\/87710","targetHints":{"allow":["GET"]}}],"collection":[{"href":"https:\/\/www.egemtv.com\/index.php?rest_route=\/wp\/v2\/posts"}],"about":[{"href":"https:\/\/www.egemtv.com\/index.php?rest_route=\/wp\/v2\/types\/post"}],"author":[{"embeddable":true,"href":"https:\/\/www.egemtv.com\/index.php?rest_route=\/wp\/v2\/users\/1"}],"replies":[{"embeddable":true,"href":"https:\/\/www.egemtv.com\/index.php?rest_route=%2Fwp%2Fv2%2Fcomments&post=87710"}],"version-history":[{"count":1,"href":"https:\/\/www.egemtv.com\/index.php?rest_route=\/wp\/v2\/posts\/87710\/revisions"}],"predecessor-version":[{"id":87712,"href":"https:\/\/www.egemtv.com\/index.php?rest_route=\/wp\/v2\/posts\/87710\/revisions\/87712"}],"wp:featuredmedia":[{"embeddable":true,"href":"https:\/\/www.egemtv.com\/index.php?rest_route=\/wp\/v2\/media\/87711"}],"wp:attachment":[{"href":"https:\/\/www.egemtv.com\/index.php?rest_route=%2Fwp%2Fv2%2Fmedia&parent=87710"}],"wp:term":[{"taxonomy":"category","embeddable":true,"href":"https:\/\/www.egemtv.com\/index.php?rest_route=%2Fwp%2Fv2%2Fcategories&post=87710"},{"taxonomy":"post_tag","embeddable":true,"href":"https:\/\/www.egemtv.com\/index.php?rest_route=%2Fwp%2Fv2%2Ftags&post=87710"}],"curies":[{"name":"wp","href":"https:\/\/api.w.org\/{rel}","templated":true}]}}