{"id":87707,"date":"2026-02-14T11:14:52","date_gmt":"2026-02-14T08:14:52","guid":{"rendered":"https:\/\/www.egemtv.com\/?p=87707"},"modified":"2026-02-14T11:14:53","modified_gmt":"2026-02-14T08:14:53","slug":"muglada-zeytin-kesim-tartismasina-valilik-sorusturma-baslatti","status":"publish","type":"post","link":"https:\/\/www.egemtv.com\/?p=87707","title":{"rendered":"Mu\u011fla\u2019da &#8220;zeytin kesim&#8221; tart\u0131\u015fmas\u0131na, valilik soru\u015fturma ba\u015flatt\u0131"},"content":{"rendered":"<p>Mu\u011fla\u2019n\u0131n Milas il\u00e7esindeki bir arazide ger\u00e7ekle\u015ftirilen zeytin a\u011fac\u0131 kesimi, b\u00f6lge siyasetinin g\u00fcndemine oturdu. AK Parti Mu\u011fla \u0130l Ba\u015fkan\u0131 Cengizhan G\u00fcng\u00f6r\u2019\u00fcn \u2019\u00e7ifte standart\u2019 su\u00e7lamalar\u0131na, Cumhuriyet Halk Partisi kanad\u0131ndan ve Milas \u0130l\u00e7e Ba\u015fkan\u0131 Ahmet K\u0131lbey\u2019den yalanlama geldi. Mu\u011fla Valili\u011fi ise olayla ilgili soru\u015fturma ba\u015flatt\u0131.<\/p>\n<p>Mu\u011fla Valili\u011fi, Milas il\u00e7esi Mente\u015f Mahallesi\u2019nde yer alan 109 ada 26 parseldeki arazide \u00e7ok say\u0131da zeytin a\u011fac\u0131n\u0131n kesildi\u011finin tespit edilmesi \u00fczerine harekete ge\u00e7ti. Valilikten yap\u0131lan a\u00e7\u0131klamada, s\u00f6z konusu kesim i\u015flemiyle ilgili idari ve hukuki s\u00fcrecin ivedilikle ba\u015flat\u0131ld\u0131\u011f\u0131, soru\u015fturman\u0131n titizlikle s\u00fcrd\u00fcr\u00fcld\u00fc\u011f\u00fc bildirildi.<\/p>\n<p>AK Parti\u2019den &#8220;Maskeli Siyaset&#8221; ele\u015ftirisi<br \/>\n<br \/>AK Parti Mu\u011fla \u0130l Ba\u015fkan\u0131 Cengizhan G\u00fcng\u00f6r, CHP Genel Ba\u015fkan\u0131 \u00d6zg\u00fcr \u00d6zel\u2019in Milas ziyareti \u00f6ncesinde sert a\u00e7\u0131klamalarda bulundu. Kesimin yap\u0131ld\u0131\u011f\u0131 arazinin CHP Milas \u0130l\u00e7e Ba\u015fkan\u0131 Ahmet K\u0131lbey\u2019e ait oldu\u011funun bas\u0131na yans\u0131d\u0131\u011f\u0131n\u0131 belirten G\u00fcng\u00f6r; &#8220;Akbelen\u2019de enerji arz g\u00fcvenli\u011fi i\u00e7in y\u00fcr\u00fct\u00fclen ta\u015f\u0131ma ve dikim \u00e7al\u0131\u015fmalar\u0131n\u0131 \u2018zeytin k\u0131y\u0131m\u0131\u2019 yaygaras\u0131yla durdurmaya \u00e7al\u0131\u015fanlar, kendi rantlar\u0131 s\u00f6z konusu oldu\u011funda zeytin a\u011fa\u00e7lar\u0131n\u0131 g\u00f6zlerini k\u0131rpmadan kurban edebilmektedir. CHP i\u00e7in zeytin, sadece siyasi rant dev\u015firebildikleri s\u00fcrece de\u011ferlidir&#8221; dedi.<\/p>\n<p>G\u00fcng\u00f6r, \u00d6zg\u00fcr \u00d6zel\u2019e seslenerek, &#8220;Bu \u00e7ifte standard\u0131 Milas halk\u0131n\u0131n g\u00f6z\u00fcn\u00fcn i\u00e7ine bakarak nas\u0131l izah edeceksiniz?&#8221; sorusunu y\u00f6neltti ve mevcut siyasi tutumu &#8220;maskeli siyaset&#8221; olarak nitelendirdi.<\/p>\n<p>&#8220;Araziyle m\u00fclkiyet ba\u011f\u0131 kesildi&#8221;<br \/>\n<br \/>\u0130ddialar\u0131n oda\u011f\u0131ndaki isim olan CHP Milas \u0130l\u00e7e Ba\u015fkan\u0131 Ahmet K\u0131lbey ise yaz\u0131l\u0131 bir a\u00e7\u0131klama yaparak su\u00e7lamalar\u0131 reddetti. \u0130\u015flemin tamamen bir \u00f6zel m\u00fclkiyet devri oldu\u011funu savunan K\u0131lbey, s\u00f6z konusu araziyle hukuki ba\u011f\u0131n\u0131n 29 Aral\u0131k 2025 tarihinde sona erdi\u011fini, bu tarihten sonraki tasarruflardan sorumlu tutulamayaca\u011f\u0131n\u0131 ifade etti. K\u0131lbey, arazinin herhangi bir maden veya enerji \u015firketine sat\u0131lmad\u0131\u011f\u0131n\u0131, m\u00fclkiyet devrinin yasal \u00e7er\u00e7evede ger\u00e7ekle\u015fti\u011fini ve kendisinin bu olayla ili\u015fkilendirilmesinin hukuken m\u00fcmk\u00fcn olmad\u0131\u011f\u0131n\u0131 belirtti.<br \/><\/p>\n","protected":false},"excerpt":{"rendered":"<p>Mu\u011fla\u2019n\u0131n Milas il\u00e7esindeki bir arazide ger\u00e7ekle\u015ftirilen zeytin a\u011fac\u0131 kesimi, b\u00f6lge siyasetinin g\u00fcndemine oturdu. AK Parti Mu\u011fla \u0130l Ba\u015fkan\u0131 Cengizhan G\u00fcng\u00f6r\u2019\u00fcn \u2019\u00e7ifte standart\u2019 su\u00e7lamalar\u0131na, Cumhuriyet Halk Partisi kanad\u0131ndan ve Milas \u0130l\u00e7e Ba\u015fkan\u0131 Ahmet K\u0131lbey\u2019den yalanlama geldi. Mu\u011fla Valili\u011fi ise olayla ilgili soru\u015fturma ba\u015flatt\u0131. Mu\u011fla Valili\u011fi, Milas il\u00e7esi Mente\u015f Mahallesi\u2019nde yer alan 109 ada 26 parseldeki arazide&#8230;<\/p>\n","protected":false},"author":1,"featured_media":87708,"comment_status":"open","ping_status":"open","sticky":false,"template":"","format":"standard","meta":{"_crdt_document":"","footnotes":""},"categories":[1],"tags":[],"class_list":["post-87707","post","type-post","status-publish","format-standard","has-post-thumbnail","hentry","category-guncel"],"_links":{"self":[{"href":"https:\/\/www.egemtv.com\/index.php?rest_route=\/wp\/v2\/posts\/87707","targetHints":{"allow":["GET"]}}],"collection":[{"href":"https:\/\/www.egemtv.com\/index.php?rest_route=\/wp\/v2\/posts"}],"about":[{"href":"https:\/\/www.egemtv.com\/index.php?rest_route=\/wp\/v2\/types\/post"}],"author":[{"embeddable":true,"href":"https:\/\/www.egemtv.com\/index.php?rest_route=\/wp\/v2\/users\/1"}],"replies":[{"embeddable":true,"href":"https:\/\/www.egemtv.com\/index.php?rest_route=%2Fwp%2Fv2%2Fcomments&post=87707"}],"version-history":[{"count":1,"href":"https:\/\/www.egemtv.com\/index.php?rest_route=\/wp\/v2\/posts\/87707\/revisions"}],"predecessor-version":[{"id":87709,"href":"https:\/\/www.egemtv.com\/index.php?rest_route=\/wp\/v2\/posts\/87707\/revisions\/87709"}],"wp:featuredmedia":[{"embeddable":true,"href":"https:\/\/www.egemtv.com\/index.php?rest_route=\/wp\/v2\/media\/87708"}],"wp:attachment":[{"href":"https:\/\/www.egemtv.com\/index.php?rest_route=%2Fwp%2Fv2%2Fmedia&parent=87707"}],"wp:term":[{"taxonomy":"category","embeddable":true,"href":"https:\/\/www.egemtv.com\/index.php?rest_route=%2Fwp%2Fv2%2Fcategories&post=87707"},{"taxonomy":"post_tag","embeddable":true,"href":"https:\/\/www.egemtv.com\/index.php?rest_route=%2Fwp%2Fv2%2Ftags&post=87707"}],"curies":[{"name":"wp","href":"https:\/\/api.w.org\/{rel}","templated":true}]}}