{"id":87704,"date":"2026-02-14T11:14:51","date_gmt":"2026-02-14T08:14:51","guid":{"rendered":"https:\/\/www.egemtv.com\/?p=87704"},"modified":"2026-02-14T11:14:52","modified_gmt":"2026-02-14T08:14:52","slug":"okul-sporlari-yildizlar-gures-musabakalari-tamamlandi","status":"publish","type":"post","link":"https:\/\/www.egemtv.com\/?p=87704","title":{"rendered":"Okul Sporlar\u0131 Y\u0131ld\u0131zlar G\u00fcre\u015f m\u00fcsabakalar\u0131 tamamland\u0131"},"content":{"rendered":"<p>Afyonkarahisar\u2019da Okul Sporlar\u0131 Y\u0131ld\u0131zlar Erkek Grekoromen ve Serbest G\u00fcre\u015f M\u00fcsabakalar\u0131, \u00c7i\u011filtepe Spor Salonu\u2019nda yap\u0131lan final kar\u015f\u0131la\u015fmalar\u0131yla sona erdi.<br \/>\n<br \/>\u0130ki g\u00fcn boyunca b\u00fcy\u00fck bir heyecana sahne olan m\u00fcsabakalara bir\u00e7ok sporcu kat\u0131l\u0131m sa\u011flad\u0131. Y\u0131ld\u0131zlar kategorisinde m\u00fccadele eden sporcular, hem grekoromen hem de serbest stilde dereceye girebilmek i\u00e7in k\u0131yas\u0131ya yar\u0131\u015ft\u0131.<br \/>\n<br \/>Kar\u015f\u0131la\u015fmalar\u0131n ard\u0131ndan d\u00fczenlenen \u00f6d\u00fcl t\u00f6reninde, dereceye giren sporculara madalyalar\u0131 takdim edildi.<br \/><\/p>\n","protected":false},"excerpt":{"rendered":"<p>Afyonkarahisar\u2019da Okul Sporlar\u0131 Y\u0131ld\u0131zlar Erkek Grekoromen ve Serbest G\u00fcre\u015f M\u00fcsabakalar\u0131, \u00c7i\u011filtepe Spor Salonu\u2019nda yap\u0131lan final kar\u015f\u0131la\u015fmalar\u0131yla sona erdi. \u0130ki g\u00fcn boyunca b\u00fcy\u00fck bir heyecana sahne olan m\u00fcsabakalara bir\u00e7ok sporcu kat\u0131l\u0131m sa\u011flad\u0131. Y\u0131ld\u0131zlar kategorisinde m\u00fccadele eden sporcular, hem grekoromen hem de serbest stilde dereceye girebilmek i\u00e7in k\u0131yas\u0131ya yar\u0131\u015ft\u0131. Kar\u015f\u0131la\u015fmalar\u0131n ard\u0131ndan d\u00fczenlenen \u00f6d\u00fcl t\u00f6reninde, dereceye giren sporculara&#8230;<\/p>\n","protected":false},"author":1,"featured_media":87705,"comment_status":"open","ping_status":"open","sticky":false,"template":"","format":"standard","meta":{"_crdt_document":"","footnotes":""},"categories":[4],"tags":[],"class_list":["post-87704","post","type-post","status-publish","format-standard","has-post-thumbnail","hentry","category-spor"],"_links":{"self":[{"href":"https:\/\/www.egemtv.com\/index.php?rest_route=\/wp\/v2\/posts\/87704","targetHints":{"allow":["GET"]}}],"collection":[{"href":"https:\/\/www.egemtv.com\/index.php?rest_route=\/wp\/v2\/posts"}],"about":[{"href":"https:\/\/www.egemtv.com\/index.php?rest_route=\/wp\/v2\/types\/post"}],"author":[{"embeddable":true,"href":"https:\/\/www.egemtv.com\/index.php?rest_route=\/wp\/v2\/users\/1"}],"replies":[{"embeddable":true,"href":"https:\/\/www.egemtv.com\/index.php?rest_route=%2Fwp%2Fv2%2Fcomments&post=87704"}],"version-history":[{"count":1,"href":"https:\/\/www.egemtv.com\/index.php?rest_route=\/wp\/v2\/posts\/87704\/revisions"}],"predecessor-version":[{"id":87706,"href":"https:\/\/www.egemtv.com\/index.php?rest_route=\/wp\/v2\/posts\/87704\/revisions\/87706"}],"wp:featuredmedia":[{"embeddable":true,"href":"https:\/\/www.egemtv.com\/index.php?rest_route=\/wp\/v2\/media\/87705"}],"wp:attachment":[{"href":"https:\/\/www.egemtv.com\/index.php?rest_route=%2Fwp%2Fv2%2Fmedia&parent=87704"}],"wp:term":[{"taxonomy":"category","embeddable":true,"href":"https:\/\/www.egemtv.com\/index.php?rest_route=%2Fwp%2Fv2%2Fcategories&post=87704"},{"taxonomy":"post_tag","embeddable":true,"href":"https:\/\/www.egemtv.com\/index.php?rest_route=%2Fwp%2Fv2%2Ftags&post=87704"}],"curies":[{"name":"wp","href":"https:\/\/api.w.org\/{rel}","templated":true}]}}