{"id":87701,"date":"2026-02-14T11:14:50","date_gmt":"2026-02-14T08:14:50","guid":{"rendered":"https:\/\/www.egemtv.com\/?p=87701"},"modified":"2026-02-14T11:14:51","modified_gmt":"2026-02-14T08:14:51","slug":"koycegiz-kaymakami-kumcu-selden-etkilenen-bolgelerde-incelemelerde-bulundu","status":"publish","type":"post","link":"https:\/\/www.egemtv.com\/?p=87701","title":{"rendered":"K\u00f6yce\u011fiz Kaymakam\u0131 Kumcu, selden etkilenen b\u00f6lgelerde incelemelerde bulundu"},"content":{"rendered":"<p>Mu\u011fla\u2019n\u0131n K\u00f6yce\u011fiz il\u00e7esinde etkili olan yo\u011fun ya\u011f\u0131\u015f\u0131n ard\u0131ndan olu\u015fan dere ta\u015fmas\u0131 sonucu olumsuzluklar meydana geldi. K\u00f6yce\u011fiz P\u0131nar Mahallesi\u2019nde Jandarma Deresi ve \u00c7akal Deresi\u2019nin ta\u015fmas\u0131 sonucunda yollarda, evlerde, seralarda hasarlar olu\u015ftu.<\/p>\n<p>K\u00f6yce\u011fiz Kaymakam\u0131 Mert Kumcu, il\u00e7ede etkili olan kuvvetli ya\u011f\u0131\u015flarda sahada incelemelerde bulundu. \u0130lk olarak su bask\u0131nlar\u0131n\u0131n ya\u015fand\u0131\u011f\u0131 P\u0131nar Mahallesi b\u00f6lgesini ziyaret eden Kaymakam Kumcu, yetkililerden son durum hakk\u0131nda bilgi alarak tahliye ve temizlik \u00e7al\u0131\u015fmalar\u0131n\u0131 yerinde inceledi.  Ard\u0131ndan ta\u015fk\u0131n riski ta\u015f\u0131yan Jandarma Deresi ve \u00c7akal Deresi yata\u011f\u0131 ile vadideki meskenleri inceleyen Kaymakam Kumcu, yetkililerinden dere yataklar\u0131ndaki su seviyeleri ve al\u0131nan \u00f6nlemler hakk\u0131nda bilgi ald\u0131. Kaymakam Mert Kumcu, il\u00e7ede etkili olan yo\u011fun ya\u011f\u0131\u015f\u0131n ard\u0131ndan olu\u015fan dere ta\u015fmas\u0131 sonucu meydana gelen olumsuzluklar\u0131 yerinde inceleyerek ilgili kurumlara talimat verdi. Kaymakam Kumcu, b\u00f6lgedeki selden etkilenen vatanda\u015flarla da bir araya gelerek ge\u00e7mi\u015f olsun dileklerini iletti. Kaymakama incelemeleri s\u0131ras\u0131nda emniyet, jandarma ve ilgili kurum amirleri e\u015flik etti.<br \/><\/p>\n","protected":false},"excerpt":{"rendered":"<p>Mu\u011fla\u2019n\u0131n K\u00f6yce\u011fiz il\u00e7esinde etkili olan yo\u011fun ya\u011f\u0131\u015f\u0131n ard\u0131ndan olu\u015fan dere ta\u015fmas\u0131 sonucu olumsuzluklar meydana geldi. K\u00f6yce\u011fiz P\u0131nar Mahallesi\u2019nde Jandarma Deresi ve \u00c7akal Deresi\u2019nin ta\u015fmas\u0131 sonucunda yollarda, evlerde, seralarda hasarlar olu\u015ftu. K\u00f6yce\u011fiz Kaymakam\u0131 Mert Kumcu, il\u00e7ede etkili olan kuvvetli ya\u011f\u0131\u015flarda sahada incelemelerde bulundu. \u0130lk olarak su bask\u0131nlar\u0131n\u0131n ya\u015fand\u0131\u011f\u0131 P\u0131nar Mahallesi b\u00f6lgesini ziyaret eden Kaymakam Kumcu, yetkililerden&#8230;<\/p>\n","protected":false},"author":1,"featured_media":87702,"comment_status":"open","ping_status":"open","sticky":false,"template":"","format":"standard","meta":{"_crdt_document":"","footnotes":""},"categories":[1],"tags":[],"class_list":["post-87701","post","type-post","status-publish","format-standard","has-post-thumbnail","hentry","category-guncel"],"_links":{"self":[{"href":"https:\/\/www.egemtv.com\/index.php?rest_route=\/wp\/v2\/posts\/87701","targetHints":{"allow":["GET"]}}],"collection":[{"href":"https:\/\/www.egemtv.com\/index.php?rest_route=\/wp\/v2\/posts"}],"about":[{"href":"https:\/\/www.egemtv.com\/index.php?rest_route=\/wp\/v2\/types\/post"}],"author":[{"embeddable":true,"href":"https:\/\/www.egemtv.com\/index.php?rest_route=\/wp\/v2\/users\/1"}],"replies":[{"embeddable":true,"href":"https:\/\/www.egemtv.com\/index.php?rest_route=%2Fwp%2Fv2%2Fcomments&post=87701"}],"version-history":[{"count":1,"href":"https:\/\/www.egemtv.com\/index.php?rest_route=\/wp\/v2\/posts\/87701\/revisions"}],"predecessor-version":[{"id":87703,"href":"https:\/\/www.egemtv.com\/index.php?rest_route=\/wp\/v2\/posts\/87701\/revisions\/87703"}],"wp:featuredmedia":[{"embeddable":true,"href":"https:\/\/www.egemtv.com\/index.php?rest_route=\/wp\/v2\/media\/87702"}],"wp:attachment":[{"href":"https:\/\/www.egemtv.com\/index.php?rest_route=%2Fwp%2Fv2%2Fmedia&parent=87701"}],"wp:term":[{"taxonomy":"category","embeddable":true,"href":"https:\/\/www.egemtv.com\/index.php?rest_route=%2Fwp%2Fv2%2Fcategories&post=87701"},{"taxonomy":"post_tag","embeddable":true,"href":"https:\/\/www.egemtv.com\/index.php?rest_route=%2Fwp%2Fv2%2Ftags&post=87701"}],"curies":[{"name":"wp","href":"https:\/\/api.w.org\/{rel}","templated":true}]}}