{"id":87698,"date":"2026-02-14T10:55:16","date_gmt":"2026-02-14T07:55:16","guid":{"rendered":"https:\/\/www.egemtv.com\/?p=87698"},"modified":"2026-02-14T10:55:17","modified_gmt":"2026-02-14T07:55:17","slug":"baskan-yardimcisi-sariyar-genclik-bir-sehrin-en-buyuk-gucudur","status":"publish","type":"post","link":"https:\/\/www.egemtv.com\/?p=87698","title":{"rendered":"Ba\u015fkan Yard\u0131mc\u0131s\u0131 Sar\u0131yar: &#8220;Gen\u00e7lik bir \u015fehrin en b\u00fcy\u00fck g\u00fcc\u00fcd\u00fcr&#8221;"},"content":{"rendered":"<p>K\u00fctahya Belediyesi ile Dumlup\u0131nar \u00dcniversitesi b\u00fcnyesinde faaliyet g\u00f6steren DP\u00dc Gen\u00e7lik Sanat ve Aktivite Derne\u011fi taraf\u0131ndan d\u00fczenlenen 2026 A\u00e7\u0131l\u0131\u015f Resepsiyonu, K\u00fctahya Belediye Ba\u015fkan Yard\u0131mc\u0131s\u0131 Himmet Sar\u0131yar\u2019\u0131n kat\u0131l\u0131m\u0131yla ger\u00e7ekle\u015ftirildi.<br \/>\n<br \/>Programda konu\u015fan Ba\u015fkan Yard\u0131mc\u0131s\u0131 Sar\u0131yar, gen\u00e7li\u011fin bir \u015fehrin en b\u00fcy\u00fck g\u00fcc\u00fc oldu\u011funu vurgulayarak, gen\u00e7li\u011fin denemekten ve cesaret etmekten vazge\u00e7meyen, \u00fcreten, d\u00fc\u015f\u00fcnen ve sorgulayan bir yap\u0131 oldu\u011funa dikkat \u00e7ekti. Gen\u00e7leri yaln\u0131zca izleyen de\u011fil, d\u00fcnyayla temas kuran ve de\u011fer \u00fcreten bir g\u00fc\u00e7 olarak g\u00f6rd\u00fcklerini ifade eden Sar\u0131yar, her projenin kabul g\u00f6rmeyebilece\u011fini ancak \u00fcretmeye devam eden bir gen\u00e7li\u011fin \u015fehre mutlaka katk\u0131 sa\u011flayaca\u011f\u0131n\u0131 s\u00f6yledi.<br \/>\n<br \/>2026 y\u0131l\u0131n\u0131n K\u00fctahya gen\u00e7li\u011fi a\u00e7\u0131s\u0131ndan d\u00f6n\u00fc\u015ft\u00fcr\u00fcc\u00fc bir y\u0131l olmas\u0131n\u0131 temenni eden Sar\u0131yar, organizasyonda eme\u011fi ge\u00e7enlere te\u015fekk\u00fcr etti.<br \/>\n<br \/>DP\u00dc Gen\u00e7lik Sanat ve Aktivite Derne\u011fi taraf\u0131ndan d\u00fczenlenen a\u00e7\u0131l\u0131\u015f resepsiyonu, 2026 y\u0131l\u0131na y\u00f6nelik hedeflerin payla\u015f\u0131lmas\u0131n\u0131n ard\u0131ndan sona erdi.<br \/><\/p>\n","protected":false},"excerpt":{"rendered":"<p>K\u00fctahya Belediyesi ile Dumlup\u0131nar \u00dcniversitesi b\u00fcnyesinde faaliyet g\u00f6steren DP\u00dc Gen\u00e7lik Sanat ve Aktivite Derne\u011fi taraf\u0131ndan d\u00fczenlenen 2026 A\u00e7\u0131l\u0131\u015f Resepsiyonu, K\u00fctahya Belediye Ba\u015fkan Yard\u0131mc\u0131s\u0131 Himmet Sar\u0131yar\u2019\u0131n kat\u0131l\u0131m\u0131yla ger\u00e7ekle\u015ftirildi. Programda konu\u015fan Ba\u015fkan Yard\u0131mc\u0131s\u0131 Sar\u0131yar, gen\u00e7li\u011fin bir \u015fehrin en b\u00fcy\u00fck g\u00fcc\u00fc oldu\u011funu vurgulayarak, gen\u00e7li\u011fin denemekten ve cesaret etmekten vazge\u00e7meyen, \u00fcreten, d\u00fc\u015f\u00fcnen ve sorgulayan bir yap\u0131 oldu\u011funa dikkat \u00e7ekti&#8230;.<\/p>\n","protected":false},"author":1,"featured_media":87699,"comment_status":"open","ping_status":"open","sticky":false,"template":"","format":"standard","meta":{"_crdt_document":"","footnotes":""},"categories":[1],"tags":[],"class_list":["post-87698","post","type-post","status-publish","format-standard","has-post-thumbnail","hentry","category-guncel"],"_links":{"self":[{"href":"https:\/\/www.egemtv.com\/index.php?rest_route=\/wp\/v2\/posts\/87698","targetHints":{"allow":["GET"]}}],"collection":[{"href":"https:\/\/www.egemtv.com\/index.php?rest_route=\/wp\/v2\/posts"}],"about":[{"href":"https:\/\/www.egemtv.com\/index.php?rest_route=\/wp\/v2\/types\/post"}],"author":[{"embeddable":true,"href":"https:\/\/www.egemtv.com\/index.php?rest_route=\/wp\/v2\/users\/1"}],"replies":[{"embeddable":true,"href":"https:\/\/www.egemtv.com\/index.php?rest_route=%2Fwp%2Fv2%2Fcomments&post=87698"}],"version-history":[{"count":1,"href":"https:\/\/www.egemtv.com\/index.php?rest_route=\/wp\/v2\/posts\/87698\/revisions"}],"predecessor-version":[{"id":87700,"href":"https:\/\/www.egemtv.com\/index.php?rest_route=\/wp\/v2\/posts\/87698\/revisions\/87700"}],"wp:featuredmedia":[{"embeddable":true,"href":"https:\/\/www.egemtv.com\/index.php?rest_route=\/wp\/v2\/media\/87699"}],"wp:attachment":[{"href":"https:\/\/www.egemtv.com\/index.php?rest_route=%2Fwp%2Fv2%2Fmedia&parent=87698"}],"wp:term":[{"taxonomy":"category","embeddable":true,"href":"https:\/\/www.egemtv.com\/index.php?rest_route=%2Fwp%2Fv2%2Fcategories&post=87698"},{"taxonomy":"post_tag","embeddable":true,"href":"https:\/\/www.egemtv.com\/index.php?rest_route=%2Fwp%2Fv2%2Ftags&post=87698"}],"curies":[{"name":"wp","href":"https:\/\/api.w.org\/{rel}","templated":true}]}}