{"id":87695,"date":"2026-02-14T10:55:15","date_gmt":"2026-02-14T07:55:15","guid":{"rendered":"https:\/\/www.egemtv.com\/?p=87695"},"modified":"2026-02-14T10:55:16","modified_gmt":"2026-02-14T07:55:16","slug":"emet-myonun-2025-yili-akademik-tesvik-basarisi","status":"publish","type":"post","link":"https:\/\/www.egemtv.com\/?p=87695","title":{"rendered":"Emet MYO\u2019nun 2025 y\u0131l\u0131 akademik te\u015fvik ba\u015far\u0131s\u0131"},"content":{"rendered":"<p>K\u00fctahya Dumlup\u0131nar \u00dcniversitesi (DP\u00dc) b\u00fcnyesinde faaliyet g\u00f6steren Emet Meslek Y\u00fcksekokulu (MYO), 2025 y\u0131l\u0131 Akademik Te\u015fvik de\u011ferlendirme sonu\u00e7lar\u0131nda \u00f6nemli bir ba\u015far\u0131 elde etti.<br \/>\n<br \/>2025 y\u0131l\u0131 akademik te\u015fvik sonu\u00e7lar\u0131na g\u00f6re Do\u00e7. Dr. Tu\u011fba Alp Ar\u0131c\u0131, Dr. \u00d6\u011fr. \u00dcyesi Vedat Bak\u0131r ve \u00d6\u011fr. G\u00f6r. Dr. Sevim \u00d6zkan bilimsel yay\u0131n, at\u0131f, proje ve di\u011fer akademik faaliyetleri kapsam\u0131nda g\u00f6sterdikleri performansla te\u015fvik \u00f6d\u00fcl\u00fcn\u00fcn sahibi oldu.<br \/>\n<br \/>Yetkililer, elde edilen bu ba\u015far\u0131n\u0131n y\u00fcksekokulda ara\u015ft\u0131rma ve bilimsel \u00fcretim k\u00fclt\u00fcr\u00fcn\u00fcn g\u00fc\u00e7lenerek s\u00fcrd\u00fc\u011f\u00fcn\u00fcn \u00f6nemli bir g\u00f6stergesi oldu\u011funu vurgulad\u0131.<br \/>\n<br \/>Okul y\u00f6netimi taraf\u0131ndan yap\u0131lan a\u00e7\u0131klamada ise, Emet Meslek Y\u00fcksekokulu\u2019nun nitelikli akademik \u00e7al\u0131\u015fmalar\u0131 destekleyen yakla\u015f\u0131m\u0131n\u0131 kararl\u0131l\u0131kla s\u00fcrd\u00fcrd\u00fc\u011f\u00fc belirtilerek, akademik te\u015fvik almaya hak kazanan \u00f6\u011fretim elemanlar\u0131n\u0131n tebrik edildi\u011fi ve ba\u015far\u0131lar\u0131n\u0131n devam\u0131n\u0131n dilendi\u011fi ifade edildi.<br \/><\/p>\n","protected":false},"excerpt":{"rendered":"<p>K\u00fctahya Dumlup\u0131nar \u00dcniversitesi (DP\u00dc) b\u00fcnyesinde faaliyet g\u00f6steren Emet Meslek Y\u00fcksekokulu (MYO), 2025 y\u0131l\u0131 Akademik Te\u015fvik de\u011ferlendirme sonu\u00e7lar\u0131nda \u00f6nemli bir ba\u015far\u0131 elde etti. 2025 y\u0131l\u0131 akademik te\u015fvik sonu\u00e7lar\u0131na g\u00f6re Do\u00e7. Dr. Tu\u011fba Alp Ar\u0131c\u0131, Dr. \u00d6\u011fr. \u00dcyesi Vedat Bak\u0131r ve \u00d6\u011fr. G\u00f6r. Dr. Sevim \u00d6zkan bilimsel yay\u0131n, at\u0131f, proje ve di\u011fer akademik faaliyetleri kapsam\u0131nda g\u00f6sterdikleri performansla&#8230;<\/p>\n","protected":false},"author":1,"featured_media":87696,"comment_status":"open","ping_status":"open","sticky":false,"template":"","format":"standard","meta":{"_crdt_document":"","footnotes":""},"categories":[1],"tags":[],"class_list":["post-87695","post","type-post","status-publish","format-standard","has-post-thumbnail","hentry","category-guncel"],"_links":{"self":[{"href":"https:\/\/www.egemtv.com\/index.php?rest_route=\/wp\/v2\/posts\/87695","targetHints":{"allow":["GET"]}}],"collection":[{"href":"https:\/\/www.egemtv.com\/index.php?rest_route=\/wp\/v2\/posts"}],"about":[{"href":"https:\/\/www.egemtv.com\/index.php?rest_route=\/wp\/v2\/types\/post"}],"author":[{"embeddable":true,"href":"https:\/\/www.egemtv.com\/index.php?rest_route=\/wp\/v2\/users\/1"}],"replies":[{"embeddable":true,"href":"https:\/\/www.egemtv.com\/index.php?rest_route=%2Fwp%2Fv2%2Fcomments&post=87695"}],"version-history":[{"count":1,"href":"https:\/\/www.egemtv.com\/index.php?rest_route=\/wp\/v2\/posts\/87695\/revisions"}],"predecessor-version":[{"id":87697,"href":"https:\/\/www.egemtv.com\/index.php?rest_route=\/wp\/v2\/posts\/87695\/revisions\/87697"}],"wp:featuredmedia":[{"embeddable":true,"href":"https:\/\/www.egemtv.com\/index.php?rest_route=\/wp\/v2\/media\/87696"}],"wp:attachment":[{"href":"https:\/\/www.egemtv.com\/index.php?rest_route=%2Fwp%2Fv2%2Fmedia&parent=87695"}],"wp:term":[{"taxonomy":"category","embeddable":true,"href":"https:\/\/www.egemtv.com\/index.php?rest_route=%2Fwp%2Fv2%2Fcategories&post=87695"},{"taxonomy":"post_tag","embeddable":true,"href":"https:\/\/www.egemtv.com\/index.php?rest_route=%2Fwp%2Fv2%2Ftags&post=87695"}],"curies":[{"name":"wp","href":"https:\/\/api.w.org\/{rel}","templated":true}]}}