{"id":87692,"date":"2026-02-14T10:55:14","date_gmt":"2026-02-14T07:55:14","guid":{"rendered":"https:\/\/www.egemtv.com\/?p=87692"},"modified":"2026-02-14T10:55:15","modified_gmt":"2026-02-14T07:55:15","slug":"goztepenin-konugu-kayserispor","status":"publish","type":"post","link":"https:\/\/www.egemtv.com\/?p=87692","title":{"rendered":"G\u00f6ztepe\u2019nin konu\u011fu Kayserispor"},"content":{"rendered":"<p>G\u00f6ztepe, Trendyol S\u00fcper Lig\u2019in 22. haftas\u0131nda yar\u0131n Kayserispor\u2019u konuk edecek. Avrupa kupalar\u0131n\u0131 hedefleyen sar\u0131-k\u0131rm\u0131z\u0131l\u0131lar, kar\u015f\u0131la\u015fmaya mutlak galibiyet parolas\u0131yla \u00e7\u0131kacak.<br \/>\n<br \/>Trendyol S\u00fcper Lig\u2019in 22. haftas\u0131nda G\u00f6ztepe yar\u0131n saat 17.00\u2019de G\u00fcrsel Aksel Stadyumu\u2019nda Kayserispor ile kar\u015f\u0131 kar\u015f\u0131ya gelecek. Ligde \u0130zmir temsilcisi 11 galibiyet, 7 beraberlik ve 3 ma\u011flubiyet sonucunda toplad\u0131\u011f\u0131 40 puanla 4. s\u0131rada bulunuyor. Kayseri ekibi ise 2 galibiyet, 9 beraberlik ve 10 ma\u011flubiyetle ald\u0131\u011f\u0131 15 puanla 17. basamakta yer al\u0131yor.<br \/>\n<br \/>\u0130zmir temsilcisi, taraftar\u0131 \u00f6n\u00fcnde oynayaca\u011f\u0131 bu kritik kar\u015f\u0131la\u015fmay\u0131 kazanarak Avrupa kupalar\u0131 hedefi do\u011frultusunda yoluna emin ad\u0131mlarla devam etmeyi hedefliyor.<\/p>\n<p>\u0130\u00e7 sahada sadece 1 kez kaybedildi<br \/>\n<br \/>G\u00f6ztepe, S\u00fcper Lig\u2019de bu sezon evinde oynad\u0131\u011f\u0131 ma\u00e7larda sadece 1 kez ma\u011flup oldu. \u0130\u00e7 sahada \u015fu ana kadar 10 kar\u015f\u0131la\u015fmaya \u00e7\u0131kan sar\u0131-k\u0131rm\u0131z\u0131l\u0131lar, bu s\u00fcre\u00e7te 6 galibiyet, 3 beraberlik ve 1 ma\u011flubiyet ald\u0131. Stanimir Stoilov ve \u00f6\u011frencileri, Kayserispor\u2019u da ma\u011flup ederek taraftar\u0131n\u0131n \u00f6n\u00fcndeki ba\u015far\u0131l\u0131 grafi\u011fini s\u00fcrd\u00fcrmek istiyor.<\/p>\n<p>Eksikler can s\u0131k\u0131yor<br \/>\n<br \/>Kayserispor kar\u015f\u0131la\u015fmas\u0131 \u00f6ncesinde G\u00f6ztepe\u2019de sakat oyuncular\u0131n durumu teknik heyeti d\u00fc\u015f\u00fcnd\u00fcr\u00fcyor. Antrenmanda sakatl\u0131k ya\u015fayan Juan\u2019\u0131n bu zorlu m\u00fccadelede forma giyemeyece\u011fi \u00f6\u011frenildi. Brezilyal\u0131 futbolcunun, gelecek hafta oynanacak Be\u015fikta\u015f ma\u00e7\u0131nda ise sahada olmas\u0131na kesin g\u00f6z\u00fcyle bak\u0131l\u0131yor.<br \/>\n<br \/>Tedavileri devam eden orta saha oyuncular\u0131ndan Efkan\u2019\u0131n da bu hafta kadroda yer almayaca\u011f\u0131 belirtilirken, sa\u011f bek Arda ile \u0130svi\u00e7reli orta saha Antunes\u2019in durumlar\u0131n\u0131n ma\u00e7 g\u00fcn\u00fc netlik kazanaca\u011f\u0131 ifade edildi. \u00d6te yandan a\u011fr\u0131lar\u0131 bulunan Polonyal\u0131 kaleci Mateusz Lis\u2019in forma giymesine engel bir durumun olmad\u0131\u011f\u0131 kaydedildi.<\/p>\n<p>Alper Akarsu d\u00fcd\u00fck \u00e7alacak<br \/>\n<br \/>G\u00f6ztepe ile Kayserispor aras\u0131nda oynanacak m\u00fccadeleyi Ankara b\u00f6lgesi hakemlerinden Alper Akarsu y\u00f6netecek. Akarsu\u2019nun yard\u0131mc\u0131l\u0131klar\u0131n\u0131 Og\u00fcn Kamac\u0131 ve Mert Bulut yapacak. Kar\u015f\u0131la\u015fman\u0131n d\u00f6rd\u00fcnc\u00fc hakemi ise Ra\u015fit Yorganc\u0131lar olacak.<br \/><\/p>\n","protected":false},"excerpt":{"rendered":"<p>G\u00f6ztepe, Trendyol S\u00fcper Lig\u2019in 22. haftas\u0131nda yar\u0131n Kayserispor\u2019u konuk edecek. Avrupa kupalar\u0131n\u0131 hedefleyen sar\u0131-k\u0131rm\u0131z\u0131l\u0131lar, kar\u015f\u0131la\u015fmaya mutlak galibiyet parolas\u0131yla \u00e7\u0131kacak. Trendyol S\u00fcper Lig\u2019in 22. haftas\u0131nda G\u00f6ztepe yar\u0131n saat 17.00\u2019de G\u00fcrsel Aksel Stadyumu\u2019nda Kayserispor ile kar\u015f\u0131 kar\u015f\u0131ya gelecek. Ligde \u0130zmir temsilcisi 11 galibiyet, 7 beraberlik ve 3 ma\u011flubiyet sonucunda toplad\u0131\u011f\u0131 40 puanla 4. s\u0131rada bulunuyor. Kayseri ekibi&#8230;<\/p>\n","protected":false},"author":1,"featured_media":87693,"comment_status":"open","ping_status":"open","sticky":false,"template":"","format":"standard","meta":{"_crdt_document":"","footnotes":""},"categories":[4],"tags":[],"class_list":["post-87692","post","type-post","status-publish","format-standard","has-post-thumbnail","hentry","category-spor"],"_links":{"self":[{"href":"https:\/\/www.egemtv.com\/index.php?rest_route=\/wp\/v2\/posts\/87692","targetHints":{"allow":["GET"]}}],"collection":[{"href":"https:\/\/www.egemtv.com\/index.php?rest_route=\/wp\/v2\/posts"}],"about":[{"href":"https:\/\/www.egemtv.com\/index.php?rest_route=\/wp\/v2\/types\/post"}],"author":[{"embeddable":true,"href":"https:\/\/www.egemtv.com\/index.php?rest_route=\/wp\/v2\/users\/1"}],"replies":[{"embeddable":true,"href":"https:\/\/www.egemtv.com\/index.php?rest_route=%2Fwp%2Fv2%2Fcomments&post=87692"}],"version-history":[{"count":1,"href":"https:\/\/www.egemtv.com\/index.php?rest_route=\/wp\/v2\/posts\/87692\/revisions"}],"predecessor-version":[{"id":87694,"href":"https:\/\/www.egemtv.com\/index.php?rest_route=\/wp\/v2\/posts\/87692\/revisions\/87694"}],"wp:featuredmedia":[{"embeddable":true,"href":"https:\/\/www.egemtv.com\/index.php?rest_route=\/wp\/v2\/media\/87693"}],"wp:attachment":[{"href":"https:\/\/www.egemtv.com\/index.php?rest_route=%2Fwp%2Fv2%2Fmedia&parent=87692"}],"wp:term":[{"taxonomy":"category","embeddable":true,"href":"https:\/\/www.egemtv.com\/index.php?rest_route=%2Fwp%2Fv2%2Fcategories&post=87692"},{"taxonomy":"post_tag","embeddable":true,"href":"https:\/\/www.egemtv.com\/index.php?rest_route=%2Fwp%2Fv2%2Ftags&post=87692"}],"curies":[{"name":"wp","href":"https:\/\/api.w.org\/{rel}","templated":true}]}}