{"id":87689,"date":"2026-02-14T10:55:13","date_gmt":"2026-02-14T07:55:13","guid":{"rendered":"https:\/\/www.egemtv.com\/?p=87689"},"modified":"2026-02-14T10:55:14","modified_gmt":"2026-02-14T07:55:14","slug":"tkdkdan-simavda-makine-parki-sektorune-95-milyon-tl-hibe","status":"publish","type":"post","link":"https:\/\/www.egemtv.com\/?p=87689","title":{"rendered":"TKDK\u2019dan Simav\u2019da makine park\u0131 sekt\u00f6r\u00fcne 9,5 milyon TL hibe"},"content":{"rendered":"<p>Tar\u0131m ve K\u0131rsal Kalk\u0131nmay\u0131 Destekleme Kurumu (TKDK) K\u00fctahya \u0130l Koordinat\u00f6rl\u00fc\u011f\u00fc, Simav il\u00e7esinde makine park\u0131 sekt\u00f6r\u00fcne y\u00f6nelik \u00f6nemli bir hibe deste\u011fi i\u00e7in s\u00f6zle\u015fme imzalad\u0131.<br \/>\n<br \/>IPARD III Program\u0131 7. \u00e7a\u011fr\u0131 d\u00f6nemi kapsam\u0131nda makine park\u0131 sekt\u00f6r\u00fcnden proje sunan Akda\u011f Tar\u0131msal Kalk\u0131nma Kooperatifi ile imzalanan s\u00f6zle\u015fme \u00e7er\u00e7evesinde yat\u0131r\u0131m\u0131n y\u00fczde 70\u2019i hibe olarak desteklenecek. Proje kapsam\u0131nda 9 milyon 543 bin 123 TL tutar\u0131ndaki hibe \u00f6demesi TKDK taraf\u0131ndan kar\u015f\u0131lanacak.<br \/>\n<br \/>Ger\u00e7ekle\u015ftirilecek yat\u0131r\u0131m\u0131n, Simav ve \u00e7evresinde tar\u0131msal \u00fcretimde modern mekanizasyonun yayg\u0131nla\u015ft\u0131r\u0131lmas\u0131, \u00fcretim maliyetlerinin d\u00fc\u015f\u00fcr\u00fclmesi ve \u00fcreticilerin ortak makine kullan\u0131m\u0131na eri\u015fiminin art\u0131r\u0131lmas\u0131 a\u00e7\u0131s\u0131ndan \u00f6nemli katk\u0131 sa\u011flamas\u0131 bekleniyor.<br \/><\/p>\n","protected":false},"excerpt":{"rendered":"<p>Tar\u0131m ve K\u0131rsal Kalk\u0131nmay\u0131 Destekleme Kurumu (TKDK) K\u00fctahya \u0130l Koordinat\u00f6rl\u00fc\u011f\u00fc, Simav il\u00e7esinde makine park\u0131 sekt\u00f6r\u00fcne y\u00f6nelik \u00f6nemli bir hibe deste\u011fi i\u00e7in s\u00f6zle\u015fme imzalad\u0131. IPARD III Program\u0131 7. \u00e7a\u011fr\u0131 d\u00f6nemi kapsam\u0131nda makine park\u0131 sekt\u00f6r\u00fcnden proje sunan Akda\u011f Tar\u0131msal Kalk\u0131nma Kooperatifi ile imzalanan s\u00f6zle\u015fme \u00e7er\u00e7evesinde yat\u0131r\u0131m\u0131n y\u00fczde 70\u2019i hibe olarak desteklenecek. Proje kapsam\u0131nda 9 milyon 543 bin&#8230;<\/p>\n","protected":false},"author":1,"featured_media":87690,"comment_status":"open","ping_status":"open","sticky":false,"template":"","format":"standard","meta":{"_crdt_document":"","footnotes":""},"categories":[125],"tags":[],"class_list":["post-87689","post","type-post","status-publish","format-standard","has-post-thumbnail","hentry","category-ekonomi"],"_links":{"self":[{"href":"https:\/\/www.egemtv.com\/index.php?rest_route=\/wp\/v2\/posts\/87689","targetHints":{"allow":["GET"]}}],"collection":[{"href":"https:\/\/www.egemtv.com\/index.php?rest_route=\/wp\/v2\/posts"}],"about":[{"href":"https:\/\/www.egemtv.com\/index.php?rest_route=\/wp\/v2\/types\/post"}],"author":[{"embeddable":true,"href":"https:\/\/www.egemtv.com\/index.php?rest_route=\/wp\/v2\/users\/1"}],"replies":[{"embeddable":true,"href":"https:\/\/www.egemtv.com\/index.php?rest_route=%2Fwp%2Fv2%2Fcomments&post=87689"}],"version-history":[{"count":1,"href":"https:\/\/www.egemtv.com\/index.php?rest_route=\/wp\/v2\/posts\/87689\/revisions"}],"predecessor-version":[{"id":87691,"href":"https:\/\/www.egemtv.com\/index.php?rest_route=\/wp\/v2\/posts\/87689\/revisions\/87691"}],"wp:featuredmedia":[{"embeddable":true,"href":"https:\/\/www.egemtv.com\/index.php?rest_route=\/wp\/v2\/media\/87690"}],"wp:attachment":[{"href":"https:\/\/www.egemtv.com\/index.php?rest_route=%2Fwp%2Fv2%2Fmedia&parent=87689"}],"wp:term":[{"taxonomy":"category","embeddable":true,"href":"https:\/\/www.egemtv.com\/index.php?rest_route=%2Fwp%2Fv2%2Fcategories&post=87689"},{"taxonomy":"post_tag","embeddable":true,"href":"https:\/\/www.egemtv.com\/index.php?rest_route=%2Fwp%2Fv2%2Ftags&post=87689"}],"curies":[{"name":"wp","href":"https:\/\/api.w.org\/{rel}","templated":true}]}}