{"id":87686,"date":"2026-02-14T10:55:12","date_gmt":"2026-02-14T07:55:12","guid":{"rendered":"https:\/\/www.egemtv.com\/?p=87686"},"modified":"2026-02-14T10:55:13","modified_gmt":"2026-02-14T07:55:13","slug":"kahveci-sanatcilarin-emegini-gorunur-kilmak-ve-desteklemek-yerel-yonetimlerin-onemli-sorumluluklari-arasinda","status":"publish","type":"post","link":"https:\/\/www.egemtv.com\/?p=87686","title":{"rendered":"Kahveci: &#8220;Sanat\u00e7\u0131lar\u0131n eme\u011fini g\u00f6r\u00fcn\u00fcr k\u0131lmak ve desteklemek yerel y\u00f6netimlerin \u00f6nemli sorumluluklar\u0131 aras\u0131nda&#8221;"},"content":{"rendered":"<p>K\u00fctahya Belediyesi, K\u00fctahya Kent Konseyi ve Ankara Kent Konseyi i\u015f birli\u011fiyle d\u00fczenlenen ressam Adil \u00d6zkan\u2019\u0131n ki\u015fisel resim sergisi, Belediye Ba\u015fkan\u0131 Ey\u00fcp Kahveci ve sanatseverlerin kat\u0131l\u0131m\u0131yla a\u00e7\u0131ld\u0131.<br \/>\n<br \/>A\u00e7\u0131l\u0131\u015f, Ankara Kent Konseyi Sergi Salonu\u2019nda ger\u00e7ekle\u015ftirildi. Sergide konu\u015fan Belediye Ba\u015fkan\u0131 Ey\u00fcp Kahveci, sanat\u0131n \u015fehirlerin ruhunu besleyen en g\u00fc\u00e7l\u00fc de\u011ferlerden biri oldu\u011funu vurgulayarak, K\u00fctahya\u2019n\u0131n k\u00fclt\u00fcrel ve sanatsal birikiminin farkl\u0131 \u015fehirlerde tan\u0131t\u0131lmas\u0131n\u0131n b\u00fcy\u00fck bir gurur kayna\u011f\u0131 oldu\u011funu ifade etti. Kahveci, sanat\u00e7\u0131lar\u0131n eme\u011fini g\u00f6r\u00fcn\u00fcr k\u0131lman\u0131n ve desteklemenin yerel y\u00f6netimlerin \u00f6nemli sorumluluklar\u0131 aras\u0131nda yer ald\u0131\u011f\u0131n\u0131 belirtti.<br \/>\n<br \/>Serginin, K\u00fctahya ile Ankara aras\u0131nda k\u00fclt\u00fcrel bir k\u00f6pr\u00fc kurdu\u011funu dile getiren Ba\u015fkan Kahveci, organizasyonda eme\u011fi ge\u00e7en t\u00fcm kurum ve payda\u015flara te\u015fekk\u00fcr etti.<br \/>\n<br \/>A\u00e7\u0131l\u0131\u015f program\u0131na; K\u00fctahya Vali Yard\u0131mc\u0131s\u0131 Harun Kazez, Ankara Kent Konseyi Ba\u015fkan\u0131 Halil \u0130brahim Y\u0131lmaz, K\u00fctahya Kent Konseyi Ba\u015fkan\u0131 B\u00fclent Cebeci ile K\u00fctahya K\u00fclt\u00fcr Varl\u0131klar\u0131n\u0131 Koruma Kurulu Ba\u015fkan\u0131 Hakan Akta\u015f da kat\u0131ld\u0131.<br \/>\n<br \/>K\u00fclt\u00fcr ve Turizm Bakanl\u0131\u011f\u0131 sanat\u00e7\u0131s\u0131 Adil \u00d6zkan\u2019\u0131n farkl\u0131 teknik ve temalarda haz\u0131rlad\u0131\u011f\u0131 eserlerin yer ald\u0131\u011f\u0131 sergi, ziyaret\u00e7ilerden tam not ald\u0131. A\u00e7\u0131l\u0131\u015f program\u0131, hat\u0131ra foto\u011fraflar\u0131n\u0131n \u00e7ekilmesi ve eserlerin incelenmesinin ard\u0131ndan sona erdi.<br \/><\/p>\n","protected":false},"excerpt":{"rendered":"<p>K\u00fctahya Belediyesi, K\u00fctahya Kent Konseyi ve Ankara Kent Konseyi i\u015f birli\u011fiyle d\u00fczenlenen ressam Adil \u00d6zkan\u2019\u0131n ki\u015fisel resim sergisi, Belediye Ba\u015fkan\u0131 Ey\u00fcp Kahveci ve sanatseverlerin kat\u0131l\u0131m\u0131yla a\u00e7\u0131ld\u0131. A\u00e7\u0131l\u0131\u015f, Ankara Kent Konseyi Sergi Salonu\u2019nda ger\u00e7ekle\u015ftirildi. Sergide konu\u015fan Belediye Ba\u015fkan\u0131 Ey\u00fcp Kahveci, sanat\u0131n \u015fehirlerin ruhunu besleyen en g\u00fc\u00e7l\u00fc de\u011ferlerden biri oldu\u011funu vurgulayarak, K\u00fctahya\u2019n\u0131n k\u00fclt\u00fcrel ve sanatsal birikiminin farkl\u0131&#8230;<\/p>\n","protected":false},"author":1,"featured_media":87687,"comment_status":"open","ping_status":"open","sticky":false,"template":"","format":"standard","meta":{"_crdt_document":"","footnotes":""},"categories":[1],"tags":[],"class_list":["post-87686","post","type-post","status-publish","format-standard","has-post-thumbnail","hentry","category-guncel"],"_links":{"self":[{"href":"https:\/\/www.egemtv.com\/index.php?rest_route=\/wp\/v2\/posts\/87686","targetHints":{"allow":["GET"]}}],"collection":[{"href":"https:\/\/www.egemtv.com\/index.php?rest_route=\/wp\/v2\/posts"}],"about":[{"href":"https:\/\/www.egemtv.com\/index.php?rest_route=\/wp\/v2\/types\/post"}],"author":[{"embeddable":true,"href":"https:\/\/www.egemtv.com\/index.php?rest_route=\/wp\/v2\/users\/1"}],"replies":[{"embeddable":true,"href":"https:\/\/www.egemtv.com\/index.php?rest_route=%2Fwp%2Fv2%2Fcomments&post=87686"}],"version-history":[{"count":1,"href":"https:\/\/www.egemtv.com\/index.php?rest_route=\/wp\/v2\/posts\/87686\/revisions"}],"predecessor-version":[{"id":87688,"href":"https:\/\/www.egemtv.com\/index.php?rest_route=\/wp\/v2\/posts\/87686\/revisions\/87688"}],"wp:featuredmedia":[{"embeddable":true,"href":"https:\/\/www.egemtv.com\/index.php?rest_route=\/wp\/v2\/media\/87687"}],"wp:attachment":[{"href":"https:\/\/www.egemtv.com\/index.php?rest_route=%2Fwp%2Fv2%2Fmedia&parent=87686"}],"wp:term":[{"taxonomy":"category","embeddable":true,"href":"https:\/\/www.egemtv.com\/index.php?rest_route=%2Fwp%2Fv2%2Fcategories&post=87686"},{"taxonomy":"post_tag","embeddable":true,"href":"https:\/\/www.egemtv.com\/index.php?rest_route=%2Fwp%2Fv2%2Ftags&post=87686"}],"curies":[{"name":"wp","href":"https:\/\/api.w.org\/{rel}","templated":true}]}}