{"id":87683,"date":"2026-02-14T10:55:11","date_gmt":"2026-02-14T07:55:11","guid":{"rendered":"https:\/\/www.egemtv.com\/?p=87683"},"modified":"2026-02-14T10:55:12","modified_gmt":"2026-02-14T07:55:12","slug":"kadina-yonelik-siddet-ve-cocuk-koruma-calismalari-kutahyada-cok-yonlu-olarak-degerlendirildi","status":"publish","type":"post","link":"https:\/\/www.egemtv.com\/?p=87683","title":{"rendered":"Kad\u0131na y\u00f6nelik \u015fiddet ve \u00e7ocuk koruma \u00e7al\u0131\u015fmalar\u0131, K\u00fctahya\u2019da \u00e7ok y\u00f6nl\u00fc olarak de\u011ferlendirildi"},"content":{"rendered":"<p>2026 y\u0131l\u0131 1. D\u00f6nem Kad\u0131na Y\u00f6nelik \u015eiddetle M\u00fccadele \u0130l Koordinasyon, \u0130zleme ve De\u011ferlendirme Komisyonu Toplant\u0131s\u0131, \u00c7ocuk Koruma \u0130l Koordinasyon Kurulu Toplant\u0131s\u0131 ile Aile Eylem Plan\u0131 Y\u0131ll\u0131k De\u011ferlendirme Toplant\u0131s\u0131, K\u00fctahya Valili\u011fi ev sahipli\u011finde, Vali Musa I\u015f\u0131n ba\u015fkanl\u0131\u011f\u0131nda ger\u00e7ekle\u015ftirildi.<br \/>\n<br \/>Toplant\u0131larda; kad\u0131na y\u00f6nelik \u015fiddetle m\u00fccadele, \u00e7ocuk koruma \u00e7al\u0131\u015fmalar\u0131, Aile Eylem Plan\u0131 ve 2026 y\u0131l\u0131 faaliyet plan\u0131 ba\u015fl\u0131klar\u0131 ele al\u0131nd\u0131. Ayr\u0131ca 2025 y\u0131l\u0131 faaliyet plan\u0131 kapsam\u0131nda y\u0131l boyunca y\u00fcr\u00fct\u00fclen \u00e7al\u0131\u015fmalara ili\u015fkin kapsaml\u0131 bir sunum yap\u0131ld\u0131.<br \/>\n<br \/>Sunumda, K\u00fctahya Aile ve Sosyal Hizmetler \u0130l M\u00fcd\u00fcrl\u00fc\u011f\u00fc taraf\u0131ndan 2025 y\u0131l\u0131 boyunca kad\u0131na y\u00f6nelik \u015fiddetle m\u00fccadele kapsam\u0131nda y\u00fcr\u00fct\u00fclen \u00f6nleyici, koruyucu ve destekleyici faaliyetler ile \u00e7ocuklara y\u00f6nelik hizmetler detayl\u0131 \u015fekilde de\u011ferlendirildi.<br \/>\n<br \/>Toplant\u0131n\u0131n a\u00e7\u0131l\u0131\u015f\u0131nda konu\u015fan Vali Musa I\u015f\u0131n, kad\u0131na y\u00f6nelik \u015fiddetle m\u00fccadele, \u00e7ocuklar\u0131n korunmas\u0131 ve Aile Eylem Plan\u0131 \u00e7al\u0131\u015fmalar\u0131n\u0131n devletin en hassas alanlar\u0131 aras\u0131nda yer ald\u0131\u011f\u0131n\u0131 vurgulad\u0131. Son bir y\u0131ll\u0131k s\u00fcre\u00e7te sahada yo\u011fun bir \u00e7al\u0131\u015fma y\u00fcr\u00fct\u00fcld\u00fc\u011f\u00fcn\u00fc belirten I\u015f\u0131n, kad\u0131nlara ve \u00e7ocuklara y\u00f6nelik hizmetlerin kapsaml\u0131 bi\u00e7imde g\u00f6zden ge\u00e7irildi\u011fini ifade etti.<br \/>\n<br \/>Vali I\u015f\u0131n, de\u011ferlendirmeler do\u011frultusunda bu \u00e7al\u0131\u015fmalar\u0131n artarak devam edece\u011fini belirterek, \u0130\u00e7i\u015fleri Bakanl\u0131\u011f\u0131 koordinasyonunda t\u00fcm ilgili kurumlarla i\u015f birli\u011fi i\u00e7erisinde kad\u0131nlar\u0131n ve \u00e7ocuklar\u0131n yan\u0131nda olmaya devam edeceklerini kaydetti.<br \/><\/p>\n","protected":false},"excerpt":{"rendered":"<p>2026 y\u0131l\u0131 1. D\u00f6nem Kad\u0131na Y\u00f6nelik \u015eiddetle M\u00fccadele \u0130l Koordinasyon, \u0130zleme ve De\u011ferlendirme Komisyonu Toplant\u0131s\u0131, \u00c7ocuk Koruma \u0130l Koordinasyon Kurulu Toplant\u0131s\u0131 ile Aile Eylem Plan\u0131 Y\u0131ll\u0131k De\u011ferlendirme Toplant\u0131s\u0131, K\u00fctahya Valili\u011fi ev sahipli\u011finde, Vali Musa I\u015f\u0131n ba\u015fkanl\u0131\u011f\u0131nda ger\u00e7ekle\u015ftirildi. Toplant\u0131larda; kad\u0131na y\u00f6nelik \u015fiddetle m\u00fccadele, \u00e7ocuk koruma \u00e7al\u0131\u015fmalar\u0131, Aile Eylem Plan\u0131 ve 2026 y\u0131l\u0131 faaliyet plan\u0131 ba\u015fl\u0131klar\u0131 ele&#8230;<\/p>\n","protected":false},"author":1,"featured_media":87684,"comment_status":"open","ping_status":"open","sticky":false,"template":"","format":"standard","meta":{"_crdt_document":"","footnotes":""},"categories":[123],"tags":[],"class_list":["post-87683","post","type-post","status-publish","format-standard","has-post-thumbnail","hentry","category-gundem"],"_links":{"self":[{"href":"https:\/\/www.egemtv.com\/index.php?rest_route=\/wp\/v2\/posts\/87683","targetHints":{"allow":["GET"]}}],"collection":[{"href":"https:\/\/www.egemtv.com\/index.php?rest_route=\/wp\/v2\/posts"}],"about":[{"href":"https:\/\/www.egemtv.com\/index.php?rest_route=\/wp\/v2\/types\/post"}],"author":[{"embeddable":true,"href":"https:\/\/www.egemtv.com\/index.php?rest_route=\/wp\/v2\/users\/1"}],"replies":[{"embeddable":true,"href":"https:\/\/www.egemtv.com\/index.php?rest_route=%2Fwp%2Fv2%2Fcomments&post=87683"}],"version-history":[{"count":1,"href":"https:\/\/www.egemtv.com\/index.php?rest_route=\/wp\/v2\/posts\/87683\/revisions"}],"predecessor-version":[{"id":87685,"href":"https:\/\/www.egemtv.com\/index.php?rest_route=\/wp\/v2\/posts\/87683\/revisions\/87685"}],"wp:featuredmedia":[{"embeddable":true,"href":"https:\/\/www.egemtv.com\/index.php?rest_route=\/wp\/v2\/media\/87684"}],"wp:attachment":[{"href":"https:\/\/www.egemtv.com\/index.php?rest_route=%2Fwp%2Fv2%2Fmedia&parent=87683"}],"wp:term":[{"taxonomy":"category","embeddable":true,"href":"https:\/\/www.egemtv.com\/index.php?rest_route=%2Fwp%2Fv2%2Fcategories&post=87683"},{"taxonomy":"post_tag","embeddable":true,"href":"https:\/\/www.egemtv.com\/index.php?rest_route=%2Fwp%2Fv2%2Ftags&post=87683"}],"curies":[{"name":"wp","href":"https:\/\/api.w.org\/{rel}","templated":true}]}}