{"id":87680,"date":"2026-02-14T10:55:10","date_gmt":"2026-02-14T07:55:10","guid":{"rendered":"https:\/\/www.egemtv.com\/?p=87680"},"modified":"2026-02-14T10:55:11","modified_gmt":"2026-02-14T07:55:11","slug":"dumlupinar-kaymakami-alperen-teltik-koy-sakinlerinin-talep-ve-isteklerini-yerinde-dinledi","status":"publish","type":"post","link":"https:\/\/www.egemtv.com\/?p=87680","title":{"rendered":"Dumlup\u0131nar Kaymakam\u0131 Alperen Teltik, k\u00f6y sakinlerinin talep ve isteklerini yerinde dinledi"},"content":{"rendered":"<p>Dumlup\u0131nar Kaymakaml\u0131\u011f\u0131\u2019na ba\u011fl\u0131 Y\u00fcyl\u00fck K\u00f6y\u00fc\u2019nde vatanda\u015flarla bir araya gelen Kaymakam Alperen Teltik, cuma namaz\u0131n\u0131 k\u00f6y halk\u0131yla birlikte k\u0131ld\u0131.<br \/>\n<br \/>Namaz\u0131n ard\u0131ndan vatanda\u015flarla sohbet eden Kaymakam Teltik, k\u00f6y sakinlerinin talep ve isteklerini yerinde dinledi. Ziyaret kapsam\u0131nda k\u00f6y\u00fcn genel durumu hakk\u0131nda muhtardan bilgi alan Teltik, iletilen konular\u0131n de\u011ferlendirilerek ilgili kurumlarla koordinasyon i\u00e7erisinde \u00e7\u00f6z\u00fcme kavu\u015fturulaca\u011f\u0131n\u0131 ifade etti.<br \/>\n<br \/>Ziyarete, AK Parti Dumlup\u0131nar \u0130l\u00e7e Ba\u015fkan\u0131 Mehmet I\u015f\u0131k da kat\u0131ld\u0131.<br \/>\n<br \/>Program, Kaymakam Teltik\u2019in Y\u00fcyl\u00fck K\u00f6y\u00fc sakinlerine te\u015fekk\u00fcr ederek k\u00f6yden ayr\u0131lmas\u0131yla sona erdi.<br \/><\/p>\n","protected":false},"excerpt":{"rendered":"<p>Dumlup\u0131nar Kaymakaml\u0131\u011f\u0131\u2019na ba\u011fl\u0131 Y\u00fcyl\u00fck K\u00f6y\u00fc\u2019nde vatanda\u015flarla bir araya gelen Kaymakam Alperen Teltik, cuma namaz\u0131n\u0131 k\u00f6y halk\u0131yla birlikte k\u0131ld\u0131. Namaz\u0131n ard\u0131ndan vatanda\u015flarla sohbet eden Kaymakam Teltik, k\u00f6y sakinlerinin talep ve isteklerini yerinde dinledi. Ziyaret kapsam\u0131nda k\u00f6y\u00fcn genel durumu hakk\u0131nda muhtardan bilgi alan Teltik, iletilen konular\u0131n de\u011ferlendirilerek ilgili kurumlarla koordinasyon i\u00e7erisinde \u00e7\u00f6z\u00fcme kavu\u015fturulaca\u011f\u0131n\u0131 ifade etti. Ziyarete, AK&#8230;<\/p>\n","protected":false},"author":1,"featured_media":87681,"comment_status":"open","ping_status":"open","sticky":false,"template":"","format":"standard","meta":{"_crdt_document":"","footnotes":""},"categories":[123],"tags":[],"class_list":["post-87680","post","type-post","status-publish","format-standard","has-post-thumbnail","hentry","category-gundem"],"_links":{"self":[{"href":"https:\/\/www.egemtv.com\/index.php?rest_route=\/wp\/v2\/posts\/87680","targetHints":{"allow":["GET"]}}],"collection":[{"href":"https:\/\/www.egemtv.com\/index.php?rest_route=\/wp\/v2\/posts"}],"about":[{"href":"https:\/\/www.egemtv.com\/index.php?rest_route=\/wp\/v2\/types\/post"}],"author":[{"embeddable":true,"href":"https:\/\/www.egemtv.com\/index.php?rest_route=\/wp\/v2\/users\/1"}],"replies":[{"embeddable":true,"href":"https:\/\/www.egemtv.com\/index.php?rest_route=%2Fwp%2Fv2%2Fcomments&post=87680"}],"version-history":[{"count":1,"href":"https:\/\/www.egemtv.com\/index.php?rest_route=\/wp\/v2\/posts\/87680\/revisions"}],"predecessor-version":[{"id":87682,"href":"https:\/\/www.egemtv.com\/index.php?rest_route=\/wp\/v2\/posts\/87680\/revisions\/87682"}],"wp:featuredmedia":[{"embeddable":true,"href":"https:\/\/www.egemtv.com\/index.php?rest_route=\/wp\/v2\/media\/87681"}],"wp:attachment":[{"href":"https:\/\/www.egemtv.com\/index.php?rest_route=%2Fwp%2Fv2%2Fmedia&parent=87680"}],"wp:term":[{"taxonomy":"category","embeddable":true,"href":"https:\/\/www.egemtv.com\/index.php?rest_route=%2Fwp%2Fv2%2Fcategories&post=87680"},{"taxonomy":"post_tag","embeddable":true,"href":"https:\/\/www.egemtv.com\/index.php?rest_route=%2Fwp%2Fv2%2Ftags&post=87680"}],"curies":[{"name":"wp","href":"https:\/\/api.w.org\/{rel}","templated":true}]}}