{"id":87677,"date":"2026-02-14T10:35:13","date_gmt":"2026-02-14T07:35:13","guid":{"rendered":"https:\/\/www.egemtv.com\/?p=87677"},"modified":"2026-02-14T10:35:14","modified_gmt":"2026-02-14T07:35:14","slug":"kutahyadaki-trafik-kazalari-kameralara-yansidi-3","status":"publish","type":"post","link":"https:\/\/www.egemtv.com\/?p=87677","title":{"rendered":"K\u00fctahya\u2019daki trafik kazalar\u0131 kameralara yans\u0131d\u0131"},"content":{"rendered":"<p>K\u00fctahya\u2019da ocak ay\u0131nda meydana gelen trafik kazalar\u0131 Kent G\u00fcvenlik Y\u00f6netim Sistemi (KGYS) kameralar\u0131 taraf\u0131ndan kaydedildi.<br \/>\n<br \/>Ocak ay\u0131nda K\u00fctahya kent merkezinde meydana gelen kazalarda, kural ihlali ve dikkatsizlik \u00f6ne \u00e7\u0131kt\u0131.<br \/>\n<br \/>K\u00fctahya Afyonkarahisar kara yolunda takip mesafesini korumayan bir minib\u00fcs k\u0131rm\u0131z\u0131 \u0131\u015f\u0131kta bekleyen otomobile arkadan \u00e7arpt\u0131.<br \/>\n<br \/>Atat\u00fcrk Bulvar\u0131\u2019nda, k\u0131rm\u0131z\u0131 \u0131\u015f\u0131kta bekleyen ara\u00e7lar\u0131n aras\u0131nda h\u0131zla ilerleyen otomobilin kontrolden \u00e7\u0131karak park halindeki araca \u00e7arpt\u0131\u011f\u0131 anlar kameraya yans\u0131d\u0131.<br \/>\n<br \/>\u015eehrin farkl\u0131 noktalar\u0131nda meydana gelen di\u011fer kazalara \u00f6zellikle dikkatsizli\u011fin sebep oldu\u011fu g\u00f6r\u00fcld\u00fc.<br \/><\/p>\n","protected":false},"excerpt":{"rendered":"<p>K\u00fctahya\u2019da ocak ay\u0131nda meydana gelen trafik kazalar\u0131 Kent G\u00fcvenlik Y\u00f6netim Sistemi (KGYS) kameralar\u0131 taraf\u0131ndan kaydedildi. Ocak ay\u0131nda K\u00fctahya kent merkezinde meydana gelen kazalarda, kural ihlali ve dikkatsizlik \u00f6ne \u00e7\u0131kt\u0131. K\u00fctahya Afyonkarahisar kara yolunda takip mesafesini korumayan bir minib\u00fcs k\u0131rm\u0131z\u0131 \u0131\u015f\u0131kta bekleyen otomobile arkadan \u00e7arpt\u0131. Atat\u00fcrk Bulvar\u0131\u2019nda, k\u0131rm\u0131z\u0131 \u0131\u015f\u0131kta bekleyen ara\u00e7lar\u0131n aras\u0131nda h\u0131zla ilerleyen otomobilin kontrolden&#8230;<\/p>\n","protected":false},"author":1,"featured_media":87678,"comment_status":"open","ping_status":"open","sticky":false,"template":"","format":"standard","meta":{"_crdt_document":"","footnotes":""},"categories":[5],"tags":[],"class_list":["post-87677","post","type-post","status-publish","format-standard","has-post-thumbnail","hentry","category-asayis"],"_links":{"self":[{"href":"https:\/\/www.egemtv.com\/index.php?rest_route=\/wp\/v2\/posts\/87677","targetHints":{"allow":["GET"]}}],"collection":[{"href":"https:\/\/www.egemtv.com\/index.php?rest_route=\/wp\/v2\/posts"}],"about":[{"href":"https:\/\/www.egemtv.com\/index.php?rest_route=\/wp\/v2\/types\/post"}],"author":[{"embeddable":true,"href":"https:\/\/www.egemtv.com\/index.php?rest_route=\/wp\/v2\/users\/1"}],"replies":[{"embeddable":true,"href":"https:\/\/www.egemtv.com\/index.php?rest_route=%2Fwp%2Fv2%2Fcomments&post=87677"}],"version-history":[{"count":1,"href":"https:\/\/www.egemtv.com\/index.php?rest_route=\/wp\/v2\/posts\/87677\/revisions"}],"predecessor-version":[{"id":87679,"href":"https:\/\/www.egemtv.com\/index.php?rest_route=\/wp\/v2\/posts\/87677\/revisions\/87679"}],"wp:featuredmedia":[{"embeddable":true,"href":"https:\/\/www.egemtv.com\/index.php?rest_route=\/wp\/v2\/media\/87678"}],"wp:attachment":[{"href":"https:\/\/www.egemtv.com\/index.php?rest_route=%2Fwp%2Fv2%2Fmedia&parent=87677"}],"wp:term":[{"taxonomy":"category","embeddable":true,"href":"https:\/\/www.egemtv.com\/index.php?rest_route=%2Fwp%2Fv2%2Fcategories&post=87677"},{"taxonomy":"post_tag","embeddable":true,"href":"https:\/\/www.egemtv.com\/index.php?rest_route=%2Fwp%2Fv2%2Ftags&post=87677"}],"curies":[{"name":"wp","href":"https:\/\/api.w.org\/{rel}","templated":true}]}}