{"id":87674,"date":"2026-02-14T10:35:12","date_gmt":"2026-02-14T07:35:12","guid":{"rendered":"https:\/\/www.egemtv.com\/?p=87674"},"modified":"2026-02-14T10:35:13","modified_gmt":"2026-02-14T07:35:13","slug":"didimde-ureticilere-2026-uretim-planlamasi","status":"publish","type":"post","link":"https:\/\/www.egemtv.com\/?p=87674","title":{"rendered":"Didim\u2019de \u00fcreticilere 2026 \u00fcretim planlamas\u0131"},"content":{"rendered":"<p>Ayd\u0131n\u2019\u0131n Didim il\u00e7esine ba\u011fl\u0131 Akyenik\u00f6y Mahallesi\u2019nde \u00fcreticilere 2026 y\u0131l\u0131 \u00fcretim planlamas\u0131 ve B-Re\u00e7ete bilgilendirme e\u011fitimi ger\u00e7ekle\u015ftirildi.<br \/>\n<br \/>Didim \u0130l\u00e7e Tar\u0131m ve Orman M\u00fcd\u00fcrl\u00fc\u011f\u00fc taraf\u0131ndan Akyenik\u00f6y Mahallesi\u2019nde \u00fcreticilere y\u00f6nelik 2026 y\u0131l\u0131 \u00fcretim planlamas\u0131 ile B-Re\u00e7ete bilgilendirme e\u011fitimi ger\u00e7ekle\u015ftirildi. E\u011fitimde, Bitki Koruma \u00dcr\u00fcnleri Uygulay\u0131c\u0131 Belgesi bulunan \u00fcreticilere mevzuat, do\u011fru ve bilin\u00e7li bitki koruma \u00fcr\u00fcnleri kullan\u0131m\u0131, kay\u0131t ve uygulama esaslar\u0131 hakk\u0131nda bilgi verildi. Program kapsam\u0131nda \u00fcreticilerin sorular\u0131 da yan\u0131tland\u0131. Didim \u0130l\u00e7e Tar\u0131m ve Orman M\u00fcd\u00fcrl\u00fc\u011f\u00fc yetkilileri, e\u011fitimlerin mahallelerde devam edece\u011fini bildirdi.<br \/><\/p>\n","protected":false},"excerpt":{"rendered":"<p>Ayd\u0131n\u2019\u0131n Didim il\u00e7esine ba\u011fl\u0131 Akyenik\u00f6y Mahallesi\u2019nde \u00fcreticilere 2026 y\u0131l\u0131 \u00fcretim planlamas\u0131 ve B-Re\u00e7ete bilgilendirme e\u011fitimi ger\u00e7ekle\u015ftirildi. Didim \u0130l\u00e7e Tar\u0131m ve Orman M\u00fcd\u00fcrl\u00fc\u011f\u00fc taraf\u0131ndan Akyenik\u00f6y Mahallesi\u2019nde \u00fcreticilere y\u00f6nelik 2026 y\u0131l\u0131 \u00fcretim planlamas\u0131 ile B-Re\u00e7ete bilgilendirme e\u011fitimi ger\u00e7ekle\u015ftirildi. E\u011fitimde, Bitki Koruma \u00dcr\u00fcnleri Uygulay\u0131c\u0131 Belgesi bulunan \u00fcreticilere mevzuat, do\u011fru ve bilin\u00e7li bitki koruma \u00fcr\u00fcnleri kullan\u0131m\u0131, kay\u0131t ve uygulama&#8230;<\/p>\n","protected":false},"author":1,"featured_media":87675,"comment_status":"open","ping_status":"open","sticky":false,"template":"","format":"standard","meta":{"_crdt_document":"","footnotes":""},"categories":[1],"tags":[],"class_list":["post-87674","post","type-post","status-publish","format-standard","has-post-thumbnail","hentry","category-guncel"],"_links":{"self":[{"href":"https:\/\/www.egemtv.com\/index.php?rest_route=\/wp\/v2\/posts\/87674","targetHints":{"allow":["GET"]}}],"collection":[{"href":"https:\/\/www.egemtv.com\/index.php?rest_route=\/wp\/v2\/posts"}],"about":[{"href":"https:\/\/www.egemtv.com\/index.php?rest_route=\/wp\/v2\/types\/post"}],"author":[{"embeddable":true,"href":"https:\/\/www.egemtv.com\/index.php?rest_route=\/wp\/v2\/users\/1"}],"replies":[{"embeddable":true,"href":"https:\/\/www.egemtv.com\/index.php?rest_route=%2Fwp%2Fv2%2Fcomments&post=87674"}],"version-history":[{"count":1,"href":"https:\/\/www.egemtv.com\/index.php?rest_route=\/wp\/v2\/posts\/87674\/revisions"}],"predecessor-version":[{"id":87676,"href":"https:\/\/www.egemtv.com\/index.php?rest_route=\/wp\/v2\/posts\/87674\/revisions\/87676"}],"wp:featuredmedia":[{"embeddable":true,"href":"https:\/\/www.egemtv.com\/index.php?rest_route=\/wp\/v2\/media\/87675"}],"wp:attachment":[{"href":"https:\/\/www.egemtv.com\/index.php?rest_route=%2Fwp%2Fv2%2Fmedia&parent=87674"}],"wp:term":[{"taxonomy":"category","embeddable":true,"href":"https:\/\/www.egemtv.com\/index.php?rest_route=%2Fwp%2Fv2%2Fcategories&post=87674"},{"taxonomy":"post_tag","embeddable":true,"href":"https:\/\/www.egemtv.com\/index.php?rest_route=%2Fwp%2Fv2%2Ftags&post=87674"}],"curies":[{"name":"wp","href":"https:\/\/api.w.org\/{rel}","templated":true}]}}