{"id":87668,"date":"2026-02-14T10:16:11","date_gmt":"2026-02-14T07:16:11","guid":{"rendered":"https:\/\/www.egemtv.com\/?p=87668"},"modified":"2026-02-14T10:16:12","modified_gmt":"2026-02-14T07:16:12","slug":"koycegiz-beyobasi-anaokulunda-zeytin-yetistiriciligi-egitimi-ve-fidan-dagitimi","status":"publish","type":"post","link":"https:\/\/www.egemtv.com\/?p=87668","title":{"rendered":"K\u00f6yce\u011fiz Beyobas\u0131 Anaokulu\u2019nda zeytin yeti\u015ftiricili\u011fi e\u011fitimi ve fidan da\u011f\u0131t\u0131m\u0131"},"content":{"rendered":"<p>Mu\u011fla\u2019n\u0131n K\u00f6yce\u011fiz il\u00e7esinde anaokulu \u00f6\u011frencileri ve velilere y\u00f6nelik ger\u00e7ekle\u015ftirilen &#8220;Zeytin Yeti\u015ftiricili\u011fi E\u011fitimi&#8221; tamamland\u0131.<\/p>\n<p>K\u00f6yce\u011fiz Kaymakam\u0131 Mert Kumcu, \u0130l\u00e7e Milli E\u011fitim M\u00fcd\u00fcr\u00fc Taner \u015een, K\u00f6yce\u011fiz \u0130l\u00e7e Tar\u0131m ve Orman M\u00fcd\u00fcr\u00fc E\u015fref Arslan ve Beyobas\u0131 Muhtar\u0131 Naid S\u00fcl ile birlikte Beyobas\u0131 Anaokulu\u2019nda, Milli E\u011fitim Bakanl\u0131\u011f\u0131 &#8220;Enerji Dostu Mavi Ye\u015fil Okullar&#8221; program\u0131 ve T\u00fcrkiye \u00c7evre E\u011fitim Vakf\u0131 (T\u00dcR\u00c7EV) &#8220;Eko-Okullar Projesi&#8221; kapsam\u0131nda, \u0130l\u00e7e Tar\u0131m ve Orman M\u00fcd\u00fcrl\u00fc\u011f\u00fc i\u015f birli\u011fiyle ziraat m\u00fchendisi Hulisi Atasoy taraf\u0131ndan 25 k\u0131z, 25 erkek \u00f6\u011frenci, 5 \u00f6\u011fretmen ve velilere y\u00f6nelik zeytin yeti\u015ftiricili\u011fi ile zeytin hastal\u0131k ve zararl\u0131lar\u0131 konusunda verilen e\u011fitime kat\u0131ld\u0131. \u00d6\u011frencilerin, okulun zeytin bah\u00e7esinden toplad\u0131klar\u0131 zeytinlerle haz\u0131rlad\u0131klar\u0131 \u00fcr\u00fcnleri ve kendi yapt\u0131klar\u0131 ekmeklerle olu\u015fturduklar\u0131 \u2019Zeytin Tad\u0131m At\u00f6lyesi\u2019ni ve geri d\u00f6n\u00fc\u015f\u00fcm ve sanat at\u00f6lyesi \u00e7al\u0131\u015fmalar\u0131n\u0131 ziyaret eden Kaymakam Kumcu, K\u00f6yce\u011fiz Orman \u0130\u015fletme M\u00fcd\u00fcrl\u00fc\u011f\u00fc i\u015f birli\u011fiyle temin edilen zeytin fidanlar\u0131n\u0131 e\u011fitime kat\u0131lan velilere hediye etti.<br \/><\/p>\n","protected":false},"excerpt":{"rendered":"<p>Mu\u011fla\u2019n\u0131n K\u00f6yce\u011fiz il\u00e7esinde anaokulu \u00f6\u011frencileri ve velilere y\u00f6nelik ger\u00e7ekle\u015ftirilen &#8220;Zeytin Yeti\u015ftiricili\u011fi E\u011fitimi&#8221; tamamland\u0131. K\u00f6yce\u011fiz Kaymakam\u0131 Mert Kumcu, \u0130l\u00e7e Milli E\u011fitim M\u00fcd\u00fcr\u00fc Taner \u015een, K\u00f6yce\u011fiz \u0130l\u00e7e Tar\u0131m ve Orman M\u00fcd\u00fcr\u00fc E\u015fref Arslan ve Beyobas\u0131 Muhtar\u0131 Naid S\u00fcl ile birlikte Beyobas\u0131 Anaokulu\u2019nda, Milli E\u011fitim Bakanl\u0131\u011f\u0131 &#8220;Enerji Dostu Mavi Ye\u015fil Okullar&#8221; program\u0131 ve T\u00fcrkiye \u00c7evre E\u011fitim Vakf\u0131 (T\u00dcR\u00c7EV)&#8230;<\/p>\n","protected":false},"author":1,"featured_media":87669,"comment_status":"open","ping_status":"open","sticky":false,"template":"","format":"standard","meta":{"_crdt_document":"","footnotes":""},"categories":[1],"tags":[],"class_list":["post-87668","post","type-post","status-publish","format-standard","has-post-thumbnail","hentry","category-guncel"],"_links":{"self":[{"href":"https:\/\/www.egemtv.com\/index.php?rest_route=\/wp\/v2\/posts\/87668","targetHints":{"allow":["GET"]}}],"collection":[{"href":"https:\/\/www.egemtv.com\/index.php?rest_route=\/wp\/v2\/posts"}],"about":[{"href":"https:\/\/www.egemtv.com\/index.php?rest_route=\/wp\/v2\/types\/post"}],"author":[{"embeddable":true,"href":"https:\/\/www.egemtv.com\/index.php?rest_route=\/wp\/v2\/users\/1"}],"replies":[{"embeddable":true,"href":"https:\/\/www.egemtv.com\/index.php?rest_route=%2Fwp%2Fv2%2Fcomments&post=87668"}],"version-history":[{"count":1,"href":"https:\/\/www.egemtv.com\/index.php?rest_route=\/wp\/v2\/posts\/87668\/revisions"}],"predecessor-version":[{"id":87670,"href":"https:\/\/www.egemtv.com\/index.php?rest_route=\/wp\/v2\/posts\/87668\/revisions\/87670"}],"wp:featuredmedia":[{"embeddable":true,"href":"https:\/\/www.egemtv.com\/index.php?rest_route=\/wp\/v2\/media\/87669"}],"wp:attachment":[{"href":"https:\/\/www.egemtv.com\/index.php?rest_route=%2Fwp%2Fv2%2Fmedia&parent=87668"}],"wp:term":[{"taxonomy":"category","embeddable":true,"href":"https:\/\/www.egemtv.com\/index.php?rest_route=%2Fwp%2Fv2%2Fcategories&post=87668"},{"taxonomy":"post_tag","embeddable":true,"href":"https:\/\/www.egemtv.com\/index.php?rest_route=%2Fwp%2Fv2%2Ftags&post=87668"}],"curies":[{"name":"wp","href":"https:\/\/api.w.org\/{rel}","templated":true}]}}