{"id":87665,"date":"2026-02-14T10:16:10","date_gmt":"2026-02-14T07:16:10","guid":{"rendered":"https:\/\/www.egemtv.com\/?p=87665"},"modified":"2026-02-14T10:16:11","modified_gmt":"2026-02-14T07:16:11","slug":"kosk-halk-egitim-merkezinde-anne-cocuk-mutfak-atolyesi-etkinlikleri-duzenlendi","status":"publish","type":"post","link":"https:\/\/www.egemtv.com\/?p=87665","title":{"rendered":"K\u00f6\u015fk Halk E\u011fitim Merkezi\u2019nde \u2019Anne-\u00c7ocuk Mutfak At\u00f6lyesi\u2019 etkinlikleri d\u00fczenlendi"},"content":{"rendered":"<p>K\u00f6\u015fk Kaymakaml\u0131\u011f\u0131 ve ADEM i\u015fbirli\u011fiyle, K\u00f6\u015fk Halk E\u011fitim Merkezi At\u00f6lyelerinde s\u00f6mestr tatili s\u00fcresince, kursiyerlerin 4-8 ya\u015f aral\u0131\u011f\u0131ndaki \u00e7ocuklar\u0131 kurs merkezine davet edilerek \u2019Anne-\u00c7ocuk Mutfak At\u00f6lyesi\u2019 etkinlikleri d\u00fczenlendi.<\/p>\n<p>Kat\u0131l\u0131mc\u0131lar, mutfak at\u00f6lyesinde \u00e7al\u0131\u015farak becerilerini geli\u015ftiriyor. \u00d6zellikle anne-\u00e7ocuk at\u00f6lyeleri, \u00e7ocuklar\u0131n anneleriyle birlikte sanatsal faaliyetlerde bulunmas\u0131n\u0131 sa\u011fl\u0131yor. K\u00f6\u015fk Halk E\u011fitim Merkezi kursiyerleri, \u00e7e\u015fitli bran\u015flarda d\u00fczenlenen at\u00f6lyelerde uzman e\u011fiticiler e\u015fli\u011finde e\u011fitim al\u0131yorlar. Mutfak, el sanatlar\u0131, kaligrafi gibi konularda yap\u0131lan etkinlikler, kat\u0131l\u0131mc\u0131lara \u00fcretim s\u00fcre\u00e7lerine kat\u0131lma imkan\u0131 sunuyor.<\/p>\n<p>K\u00f6\u015fk Halk E\u011fitim Merkezi (HEM) M\u00fcd\u00fcr\u00fc Z\u00fclf\u00fc \u00d6ztek etkinlikle ilgili yapt\u0131\u011f\u0131 a\u00e7\u0131klamada, &#8220;\u00d6zellikle anne-\u00e7ocuk at\u00f6lyeleri, ailelerin birlikte vakit ge\u00e7irebilece\u011fi ve sanatsal faaliyetlerde bulunabilece\u011fi bir ortam sunuyoruz. \u00c7ocuklar, anneleriyle birlikte dekoratif \u00e7al\u0131\u015fmalar yaparak hem e\u011fleniyor hem de \u00f6\u011freniyorlar. 4-8 ya\u015f \u00e7ocuklar i\u00e7in yemek yap\u0131m\u0131 ve geleneksel el sanatlar\u0131 gibi alanlarda at\u00f6lye \u00e7al\u0131\u015fmalar\u0131 d\u00fczenliyoruz. Bu sayede \u00e7ocuklar, yeni beceriler kazanarak gelecekteki yetkinliklerini art\u0131rma f\u0131rsat\u0131 buluyorlar&#8221; ifadelerini kulland\u0131.<br \/><\/p>\n","protected":false},"excerpt":{"rendered":"<p>K\u00f6\u015fk Kaymakaml\u0131\u011f\u0131 ve ADEM i\u015fbirli\u011fiyle, K\u00f6\u015fk Halk E\u011fitim Merkezi At\u00f6lyelerinde s\u00f6mestr tatili s\u00fcresince, kursiyerlerin 4-8 ya\u015f aral\u0131\u011f\u0131ndaki \u00e7ocuklar\u0131 kurs merkezine davet edilerek \u2019Anne-\u00c7ocuk Mutfak At\u00f6lyesi\u2019 etkinlikleri d\u00fczenlendi. Kat\u0131l\u0131mc\u0131lar, mutfak at\u00f6lyesinde \u00e7al\u0131\u015farak becerilerini geli\u015ftiriyor. \u00d6zellikle anne-\u00e7ocuk at\u00f6lyeleri, \u00e7ocuklar\u0131n anneleriyle birlikte sanatsal faaliyetlerde bulunmas\u0131n\u0131 sa\u011fl\u0131yor. K\u00f6\u015fk Halk E\u011fitim Merkezi kursiyerleri, \u00e7e\u015fitli bran\u015flarda d\u00fczenlenen at\u00f6lyelerde uzman e\u011fiticiler e\u015fli\u011finde&#8230;<\/p>\n","protected":false},"author":1,"featured_media":87666,"comment_status":"open","ping_status":"open","sticky":false,"template":"","format":"standard","meta":{"_crdt_document":"","footnotes":""},"categories":[1],"tags":[],"class_list":["post-87665","post","type-post","status-publish","format-standard","has-post-thumbnail","hentry","category-guncel"],"_links":{"self":[{"href":"https:\/\/www.egemtv.com\/index.php?rest_route=\/wp\/v2\/posts\/87665","targetHints":{"allow":["GET"]}}],"collection":[{"href":"https:\/\/www.egemtv.com\/index.php?rest_route=\/wp\/v2\/posts"}],"about":[{"href":"https:\/\/www.egemtv.com\/index.php?rest_route=\/wp\/v2\/types\/post"}],"author":[{"embeddable":true,"href":"https:\/\/www.egemtv.com\/index.php?rest_route=\/wp\/v2\/users\/1"}],"replies":[{"embeddable":true,"href":"https:\/\/www.egemtv.com\/index.php?rest_route=%2Fwp%2Fv2%2Fcomments&post=87665"}],"version-history":[{"count":1,"href":"https:\/\/www.egemtv.com\/index.php?rest_route=\/wp\/v2\/posts\/87665\/revisions"}],"predecessor-version":[{"id":87667,"href":"https:\/\/www.egemtv.com\/index.php?rest_route=\/wp\/v2\/posts\/87665\/revisions\/87667"}],"wp:featuredmedia":[{"embeddable":true,"href":"https:\/\/www.egemtv.com\/index.php?rest_route=\/wp\/v2\/media\/87666"}],"wp:attachment":[{"href":"https:\/\/www.egemtv.com\/index.php?rest_route=%2Fwp%2Fv2%2Fmedia&parent=87665"}],"wp:term":[{"taxonomy":"category","embeddable":true,"href":"https:\/\/www.egemtv.com\/index.php?rest_route=%2Fwp%2Fv2%2Fcategories&post=87665"},{"taxonomy":"post_tag","embeddable":true,"href":"https:\/\/www.egemtv.com\/index.php?rest_route=%2Fwp%2Fv2%2Ftags&post=87665"}],"curies":[{"name":"wp","href":"https:\/\/api.w.org\/{rel}","templated":true}]}}