{"id":87662,"date":"2026-02-14T09:54:52","date_gmt":"2026-02-14T06:54:52","guid":{"rendered":"https:\/\/www.egemtv.com\/?p=87662"},"modified":"2026-02-14T09:54:52","modified_gmt":"2026-02-14T06:54:52","slug":"denizlide-valide-sultan-camii-ve-saglik-merkezi-hizmete-acildi","status":"publish","type":"post","link":"https:\/\/www.egemtv.com\/?p=87662","title":{"rendered":"Denizli\u2019de Valide Sultan Camii ve Sa\u011fl\u0131k Merkezi hizmete a\u00e7\u0131ld\u0131"},"content":{"rendered":"<p>Denizli\u2019nin Pamukkale il\u00e7esinde yap\u0131m\u0131 tamamlanan Valide Sultan Camii, G\u00fcls\u00fcm Serter 4-6 Ya\u015f Kur\u2019an Kursu ve Aile Sa\u011fl\u0131\u011f\u0131 Merkezi d\u00fczenlenen t\u00f6renle a\u00e7\u0131ld\u0131.<br \/>\n<br \/>Denizli Valisi Yavuz Selim K\u00f6\u015fger, AK Parti Genel Ba\u015fkan Yard\u0131mc\u0131s\u0131, Ekonomi \u0130\u015fleri Ba\u015fkan\u0131 ve \u00d6nceki D\u00f6nem Ekonomi Nihat Zeybekci, Denizli Milletvekilleri, Pamukkale Kaymakam\u0131 U\u011fur Bulut, hay\u0131rsever Muhammet Serter ve il protokol\u00fcn\u00fcn kat\u0131l\u0131m\u0131yla Pamukkale il\u00e7esi Asmal\u0131evler Mahallesi\u2019nde yap\u0131m\u0131 tamamlanan Valide Sultan Camii ile G\u00fcls\u00fcm Serter 4-6 Ya\u015f Kur\u2019an Kursu\u2019nun a\u00e7\u0131l\u0131\u015f program\u0131 ger\u00e7ekle\u015ftirildi.  Cuma namaz\u0131 \u00f6ncesinde d\u00fczenlenen t\u00f6ren ve dualarla ibadete a\u00e7\u0131lan caminin ard\u0131ndan program kapsam\u0131nda Aile Sa\u011fl\u0131\u011f\u0131 Merkezi\u2019nin de a\u00e7\u0131l\u0131\u015f\u0131 ger\u00e7ekle\u015ftirildi.<br \/>\n<br \/>T\u00f6rende konu\u015fan Vali K\u00f6\u015fger, Denizli\u2019de g\u00f6reve ba\u015flayal\u0131 hen\u00fcz bir ay oldu\u011funu belirterek kentte hay\u0131r hizmetlerinde adeta bir yar\u0131\u015f ya\u015fand\u0131\u011f\u0131n\u0131 ifade etti. \u0130lk haftas\u0131nda Buldan il\u00e7esinde bir okul a\u00e7\u0131l\u0131\u015f\u0131 yapt\u0131klar\u0131n\u0131 hat\u0131rlatan Vali K\u00f6\u015fger, ge\u00e7en hafta bir cami a\u00e7\u0131l\u0131\u015f\u0131 ger\u00e7ekle\u015ftirdiklerini, bug\u00fcn ise Valide Sultan Camii, 4-6 ya\u015f Kur\u2019an Kursu ve Aile Sa\u011fl\u0131\u011f\u0131 Merkezi\u2019nin a\u00e7\u0131l\u0131\u015f\u0131 vesilesiyle bir araya geldiklerini s\u00f6yledi. Hay\u0131rseverlerin katk\u0131s\u0131na dikkat \u00e7eken Vali K\u00f6\u015fger, &#8220;\u0130\u015fin g\u00fczel taraf\u0131, b\u00fct\u00fcn bunlar\u0131 yapan Denizlili hay\u0131rsever hem\u015fehrilerimizdir. Allah hepsinden raz\u0131 olsun. Kazand\u0131klar\u0131n\u0131 \u015fehirleriyle payla\u015f\u0131yorlar. Bu c\u00f6mertlik her t\u00fcrl\u00fc takdirin \u00fczerindedir.&#8221; ifadelerini kulland\u0131.<br \/>\n<br \/>Konu\u015fmas\u0131nda T\u00fcrk-\u0130slam medeniyetinde \u015fehirlerin ibadethane odakl\u0131 geli\u015fti\u011fini belirten Vali K\u00f6\u015fger, \u015fehirlerin \u00f6nce ibadethane, ard\u0131ndan medrese, han ve ticarethaneler etraf\u0131nda \u015fekillendi\u011fini vurgulad\u0131. Denizli\u2019nin de ayn\u0131 anlay\u0131\u015fla geli\u015fimini s\u00fcrd\u00fcrd\u00fc\u011f\u00fcn\u00fc dile getirdi.<br \/>\n<br \/>A\u00e7\u0131l\u0131\u015f\u0131 yap\u0131lan caminin hemen yan\u0131nda hizmet verecek olan G\u00fcls\u00fcm Serter 4-6 Ya\u015f Kur\u2019an Kursu ve Aile Sa\u011fl\u0131\u011f\u0131 Merkezi\u2019nin kente hay\u0131rl\u0131 olmas\u0131n\u0131 temenni eden Vali K\u00f6\u015fger, bu mekanlar\u0131n g\u00fczel insanlar yeti\u015ftirmesine ve toplumsal geli\u015fime katk\u0131 sunmas\u0131n\u0131 diledi. Program kapsam\u0131nda hay\u0131rsever Muhammet Serter\u2019e Diyanet \u0130\u015fleri Ba\u015fkanl\u0131\u011f\u0131 taraf\u0131ndan haz\u0131rlanan Takdir Belgesi ile plaket takdim edildi.<br \/>\n<br \/>Cuma namaz\u0131n\u0131n ard\u0131ndan ger\u00e7ekle\u015ftirilen a\u00e7\u0131l\u0131\u015f t\u00f6reni sonras\u0131 protokol \u00fcyeleri Aile Sa\u011fl\u0131\u011f\u0131 Merkezi\u2019nde incelemelerde bulundu. Vali K\u00f6\u015fger, merkezin Denizlililere hay\u0131rl\u0131 olmas\u0131n\u0131 temenni ederek eme\u011fi ge\u00e7enlere te\u015fekk\u00fcr etti.<br \/><\/p>\n","protected":false},"excerpt":{"rendered":"<p>Denizli\u2019nin Pamukkale il\u00e7esinde yap\u0131m\u0131 tamamlanan Valide Sultan Camii, G\u00fcls\u00fcm Serter 4-6 Ya\u015f Kur\u2019an Kursu ve Aile Sa\u011fl\u0131\u011f\u0131 Merkezi d\u00fczenlenen t\u00f6renle a\u00e7\u0131ld\u0131. Denizli Valisi Yavuz Selim K\u00f6\u015fger, AK Parti Genel Ba\u015fkan Yard\u0131mc\u0131s\u0131, Ekonomi \u0130\u015fleri Ba\u015fkan\u0131 ve \u00d6nceki D\u00f6nem Ekonomi Nihat Zeybekci, Denizli Milletvekilleri, Pamukkale Kaymakam\u0131 U\u011fur Bulut, hay\u0131rsever Muhammet Serter ve il protokol\u00fcn\u00fcn kat\u0131l\u0131m\u0131yla Pamukkale il\u00e7esi&#8230;<\/p>\n","protected":false},"author":1,"featured_media":87663,"comment_status":"open","ping_status":"open","sticky":false,"template":"","format":"standard","meta":{"_crdt_document":"","footnotes":""},"categories":[1],"tags":[],"class_list":["post-87662","post","type-post","status-publish","format-standard","has-post-thumbnail","hentry","category-guncel"],"_links":{"self":[{"href":"https:\/\/www.egemtv.com\/index.php?rest_route=\/wp\/v2\/posts\/87662","targetHints":{"allow":["GET"]}}],"collection":[{"href":"https:\/\/www.egemtv.com\/index.php?rest_route=\/wp\/v2\/posts"}],"about":[{"href":"https:\/\/www.egemtv.com\/index.php?rest_route=\/wp\/v2\/types\/post"}],"author":[{"embeddable":true,"href":"https:\/\/www.egemtv.com\/index.php?rest_route=\/wp\/v2\/users\/1"}],"replies":[{"embeddable":true,"href":"https:\/\/www.egemtv.com\/index.php?rest_route=%2Fwp%2Fv2%2Fcomments&post=87662"}],"version-history":[{"count":1,"href":"https:\/\/www.egemtv.com\/index.php?rest_route=\/wp\/v2\/posts\/87662\/revisions"}],"predecessor-version":[{"id":87664,"href":"https:\/\/www.egemtv.com\/index.php?rest_route=\/wp\/v2\/posts\/87662\/revisions\/87664"}],"wp:featuredmedia":[{"embeddable":true,"href":"https:\/\/www.egemtv.com\/index.php?rest_route=\/wp\/v2\/media\/87663"}],"wp:attachment":[{"href":"https:\/\/www.egemtv.com\/index.php?rest_route=%2Fwp%2Fv2%2Fmedia&parent=87662"}],"wp:term":[{"taxonomy":"category","embeddable":true,"href":"https:\/\/www.egemtv.com\/index.php?rest_route=%2Fwp%2Fv2%2Fcategories&post=87662"},{"taxonomy":"post_tag","embeddable":true,"href":"https:\/\/www.egemtv.com\/index.php?rest_route=%2Fwp%2Fv2%2Ftags&post=87662"}],"curies":[{"name":"wp","href":"https:\/\/api.w.org\/{rel}","templated":true}]}}