{"id":87659,"date":"2026-02-14T09:54:51","date_gmt":"2026-02-14T06:54:51","guid":{"rendered":"https:\/\/www.egemtv.com\/?p=87659"},"modified":"2026-02-14T09:54:51","modified_gmt":"2026-02-14T06:54:51","slug":"seydikemerde-su-baskini-evler-tahliye-edildi","status":"publish","type":"post","link":"https:\/\/www.egemtv.com\/?p=87659","title":{"rendered":"Seydikemer\u2019de su bask\u0131n\u0131: Evler tahliye edildi"},"content":{"rendered":"<p>Mu\u011fla\u2019n\u0131n Seydikemer il\u00e7esinde a\u015f\u0131r\u0131 ya\u011f\u0131\u015f sonras\u0131 \u00c7ukurincir Mahallesi\u2019nde E\u015fen \u00c7ay\u0131\u2019n\u0131n ta\u015fmas\u0131 sonucu su bask\u0131nlar\u0131 ya\u015fand\u0131. Tedbir ama\u00e7l\u0131 yakla\u015f\u0131k 25 ev bo\u015falt\u0131l\u0131rken, belediye ekipleri tahliye \u00e7al\u0131\u015fmalar\u0131n\u0131 s\u00fcrd\u00fcr\u00fcyor.<br \/>\n<br \/>Seydikemer il\u00e7esine ba\u011fl\u0131 \u00c7ukurincir Mahallesi\u2019nde etkili olan a\u015f\u0131r\u0131 ya\u011f\u0131\u015flar nedeniyle E\u015fen \u00c7ay\u0131\u2019n\u0131n ta\u015fmas\u0131 sonucu mahallede su bask\u0131nlar\u0131 meydana geldi. Ta\u015fk\u0131n\u0131n ard\u0131ndan tedbir ama\u00e7l\u0131 mahallede bulunan yakla\u015f\u0131k 25 evdeki vatanda\u015flar tahliye edildi. Baz\u0131 vatanda\u015flar\u0131n kendi imkanlar\u0131yla hayvanlar\u0131n\u0131 g\u00fcvenli alanlara g\u00f6t\u00fcrd\u00fc. Seydikemer Belediyesi zab\u0131ta ekipleri evlerin bo\u015falt\u0131lmas\u0131 i\u00e7in anonslar\u0131n\u0131 s\u00fcrd\u00fcr\u00fcrken, belediye ara\u00e7lar\u0131n\u0131n vatanda\u015flar\u0131n tahliyesi i\u00e7in \u00e7al\u0131\u015fmalar\u0131na devam etti\u011fi bildirildi.<br \/><\/p>\n","protected":false},"excerpt":{"rendered":"<p>Mu\u011fla\u2019n\u0131n Seydikemer il\u00e7esinde a\u015f\u0131r\u0131 ya\u011f\u0131\u015f sonras\u0131 \u00c7ukurincir Mahallesi\u2019nde E\u015fen \u00c7ay\u0131\u2019n\u0131n ta\u015fmas\u0131 sonucu su bask\u0131nlar\u0131 ya\u015fand\u0131. Tedbir ama\u00e7l\u0131 yakla\u015f\u0131k 25 ev bo\u015falt\u0131l\u0131rken, belediye ekipleri tahliye \u00e7al\u0131\u015fmalar\u0131n\u0131 s\u00fcrd\u00fcr\u00fcyor. Seydikemer il\u00e7esine ba\u011fl\u0131 \u00c7ukurincir Mahallesi\u2019nde etkili olan a\u015f\u0131r\u0131 ya\u011f\u0131\u015flar nedeniyle E\u015fen \u00c7ay\u0131\u2019n\u0131n ta\u015fmas\u0131 sonucu mahallede su bask\u0131nlar\u0131 meydana geldi. Ta\u015fk\u0131n\u0131n ard\u0131ndan tedbir ama\u00e7l\u0131 mahallede bulunan yakla\u015f\u0131k 25 evdeki vatanda\u015flar&#8230;<\/p>\n","protected":false},"author":1,"featured_media":87660,"comment_status":"open","ping_status":"open","sticky":false,"template":"","format":"standard","meta":{"_crdt_document":"","footnotes":""},"categories":[5],"tags":[],"class_list":["post-87659","post","type-post","status-publish","format-standard","has-post-thumbnail","hentry","category-asayis"],"_links":{"self":[{"href":"https:\/\/www.egemtv.com\/index.php?rest_route=\/wp\/v2\/posts\/87659","targetHints":{"allow":["GET"]}}],"collection":[{"href":"https:\/\/www.egemtv.com\/index.php?rest_route=\/wp\/v2\/posts"}],"about":[{"href":"https:\/\/www.egemtv.com\/index.php?rest_route=\/wp\/v2\/types\/post"}],"author":[{"embeddable":true,"href":"https:\/\/www.egemtv.com\/index.php?rest_route=\/wp\/v2\/users\/1"}],"replies":[{"embeddable":true,"href":"https:\/\/www.egemtv.com\/index.php?rest_route=%2Fwp%2Fv2%2Fcomments&post=87659"}],"version-history":[{"count":1,"href":"https:\/\/www.egemtv.com\/index.php?rest_route=\/wp\/v2\/posts\/87659\/revisions"}],"predecessor-version":[{"id":87661,"href":"https:\/\/www.egemtv.com\/index.php?rest_route=\/wp\/v2\/posts\/87659\/revisions\/87661"}],"wp:featuredmedia":[{"embeddable":true,"href":"https:\/\/www.egemtv.com\/index.php?rest_route=\/wp\/v2\/media\/87660"}],"wp:attachment":[{"href":"https:\/\/www.egemtv.com\/index.php?rest_route=%2Fwp%2Fv2%2Fmedia&parent=87659"}],"wp:term":[{"taxonomy":"category","embeddable":true,"href":"https:\/\/www.egemtv.com\/index.php?rest_route=%2Fwp%2Fv2%2Fcategories&post=87659"},{"taxonomy":"post_tag","embeddable":true,"href":"https:\/\/www.egemtv.com\/index.php?rest_route=%2Fwp%2Fv2%2Ftags&post=87659"}],"curies":[{"name":"wp","href":"https:\/\/api.w.org\/{rel}","templated":true}]}}