{"id":87656,"date":"2026-02-14T09:54:49","date_gmt":"2026-02-14T06:54:49","guid":{"rendered":"https:\/\/www.egemtv.com\/?p=87656"},"modified":"2026-02-14T09:54:50","modified_gmt":"2026-02-14T06:54:50","slug":"aydinda-arama-kurtarma-ekipleri-her-an-goreve-hazir","status":"publish","type":"post","link":"https:\/\/www.egemtv.com\/?p=87656","title":{"rendered":"Ayd\u0131n\u2019da arama kurtarma ekipleri her an g\u00f6reve haz\u0131r"},"content":{"rendered":"<p>AFAD Ayd\u0131n koordinesinde d\u00fczenlenen e\u011fitimle SAKUT ve \u0130MDAT ekiplerinin enkazda m\u00fcdahale kapasitesi art\u0131r\u0131l\u0131rken, afetlere kar\u015f\u0131 haz\u0131rl\u0131k \u00e7al\u0131\u015fmalar\u0131 da g\u00fc\u00e7lendirildi.<br \/>\n<br \/>Ayd\u0131n\u2019da muhtemel afetlere kar\u015f\u0131 haz\u0131rl\u0131klar\u0131n\u0131 aral\u0131ks\u0131z s\u00fcrd\u00fcren AFAD Ayd\u0131n \u0130l Ba\u015fkanl\u0131\u011f\u0131, SAKUT ve \u0130MDAT arama kurtarma ekiplerine y\u00f6nelik &#8220;Enkazda Arama Kurtarma E\u011fitimi&#8221; ger\u00e7ekle\u015ftirdi. AFAD Ayd\u0131n koordinesinde d\u00fczenlenen e\u011fitimde ekipler, enkaz ortam\u0131nda g\u00fcvenli \u00e7al\u0131\u015fma, arama teknikleri, m\u00fcdahale y\u00f6ntemleri ve ekip koordinasyonu gibi kritik ba\u015fl\u0131klarda uygulamal\u0131 olarak bilgilendirildi. E\u011fitim s\u00fcresince sahada yap\u0131lan \u00e7al\u0131\u015fmalarla, ekiplerin ger\u00e7ek bir afet an\u0131nda h\u0131zl\u0131 ve do\u011fru m\u00fcdahale kapasitesinin art\u0131r\u0131lmas\u0131 hedeflendi.<br \/>\n<br \/>Ayd\u0131n\u2019da muhtemel afetlere kar\u015f\u0131 haz\u0131rl\u0131klar\u0131n y\u0131l boyunca s\u00fcrd\u00fc\u011f\u00fcn\u00fc ifade eden AFAD Ayd\u0131n \u0130l Ba\u015fkanl\u0131\u011f\u0131, e\u011fitim ve tatbikatlarla arama kurtarma ekiplerinin her zaman g\u00f6reve haz\u0131r tutuldu\u011funu vurgulad\u0131.<br \/><\/p>\n","protected":false},"excerpt":{"rendered":"<p>AFAD Ayd\u0131n koordinesinde d\u00fczenlenen e\u011fitimle SAKUT ve \u0130MDAT ekiplerinin enkazda m\u00fcdahale kapasitesi art\u0131r\u0131l\u0131rken, afetlere kar\u015f\u0131 haz\u0131rl\u0131k \u00e7al\u0131\u015fmalar\u0131 da g\u00fc\u00e7lendirildi. Ayd\u0131n\u2019da muhtemel afetlere kar\u015f\u0131 haz\u0131rl\u0131klar\u0131n\u0131 aral\u0131ks\u0131z s\u00fcrd\u00fcren AFAD Ayd\u0131n \u0130l Ba\u015fkanl\u0131\u011f\u0131, SAKUT ve \u0130MDAT arama kurtarma ekiplerine y\u00f6nelik &#8220;Enkazda Arama Kurtarma E\u011fitimi&#8221; ger\u00e7ekle\u015ftirdi. AFAD Ayd\u0131n koordinesinde d\u00fczenlenen e\u011fitimde ekipler, enkaz ortam\u0131nda g\u00fcvenli \u00e7al\u0131\u015fma, arama teknikleri, m\u00fcdahale&#8230;<\/p>\n","protected":false},"author":1,"featured_media":87657,"comment_status":"open","ping_status":"open","sticky":false,"template":"","format":"standard","meta":{"_crdt_document":"","footnotes":""},"categories":[1],"tags":[],"class_list":["post-87656","post","type-post","status-publish","format-standard","has-post-thumbnail","hentry","category-guncel"],"_links":{"self":[{"href":"https:\/\/www.egemtv.com\/index.php?rest_route=\/wp\/v2\/posts\/87656","targetHints":{"allow":["GET"]}}],"collection":[{"href":"https:\/\/www.egemtv.com\/index.php?rest_route=\/wp\/v2\/posts"}],"about":[{"href":"https:\/\/www.egemtv.com\/index.php?rest_route=\/wp\/v2\/types\/post"}],"author":[{"embeddable":true,"href":"https:\/\/www.egemtv.com\/index.php?rest_route=\/wp\/v2\/users\/1"}],"replies":[{"embeddable":true,"href":"https:\/\/www.egemtv.com\/index.php?rest_route=%2Fwp%2Fv2%2Fcomments&post=87656"}],"version-history":[{"count":1,"href":"https:\/\/www.egemtv.com\/index.php?rest_route=\/wp\/v2\/posts\/87656\/revisions"}],"predecessor-version":[{"id":87658,"href":"https:\/\/www.egemtv.com\/index.php?rest_route=\/wp\/v2\/posts\/87656\/revisions\/87658"}],"wp:featuredmedia":[{"embeddable":true,"href":"https:\/\/www.egemtv.com\/index.php?rest_route=\/wp\/v2\/media\/87657"}],"wp:attachment":[{"href":"https:\/\/www.egemtv.com\/index.php?rest_route=%2Fwp%2Fv2%2Fmedia&parent=87656"}],"wp:term":[{"taxonomy":"category","embeddable":true,"href":"https:\/\/www.egemtv.com\/index.php?rest_route=%2Fwp%2Fv2%2Fcategories&post=87656"},{"taxonomy":"post_tag","embeddable":true,"href":"https:\/\/www.egemtv.com\/index.php?rest_route=%2Fwp%2Fv2%2Ftags&post=87656"}],"curies":[{"name":"wp","href":"https:\/\/api.w.org\/{rel}","templated":true}]}}