{"id":87563,"date":"2026-02-13T16:55:06","date_gmt":"2026-02-13T13:55:06","guid":{"rendered":"https:\/\/www.egemtv.com\/?p=87563"},"modified":"2026-02-13T16:55:07","modified_gmt":"2026-02-13T13:55:07","slug":"buyuk-menderes-nehrindeki-taskin-karayolunu-kapatti","status":"publish","type":"post","link":"https:\/\/www.egemtv.com\/?p=87563","title":{"rendered":"B\u00fcy\u00fck Menderes nehrindeki ta\u015fk\u0131n karayolunu kapatt\u0131"},"content":{"rendered":"<p>Ayd\u0131n\u2019da sa\u011fanak ya\u011f\u0131\u015flar\u0131n ard\u0131ndan debisi artan B\u00fcy\u00fck Menderes Nehri\u2019nde meydana gelen ta\u015fk\u0131n sonras\u0131 karayolunda ula\u015f\u0131m \u00f6nlem ama\u00e7l\u0131 kapat\u0131ld\u0131.<\/p>\n<p>Sa\u011fanak ya\u011f\u0131\u015fl\u0131 havan\u0131n etkili oldu\u011fu Ayd\u0131n\u2019da, ya\u011f\u0131\u015flar sonras\u0131 debisi y\u00fckselen B\u00fcy\u00fck Menderes Nehri\u2019nin ta\u015fmas\u0131, Ayd\u0131n\u2019da ula\u015f\u0131m\u0131 olumsuz etkiledi. Ta\u015fk\u0131n ya\u015fanan b\u00f6lgede Ko\u00e7arl\u0131 Yenik\u00f6y Mahallesi ile Germencik aras\u0131ndaki karayolu g\u00fcvenlik gerek\u00e7esiyle ara\u00e7 trafi\u011fine kapat\u0131ld\u0131. Yo\u011fun ya\u011f\u0131\u015flar\u0131n etkili oldu\u011fu b\u00f6lgede B\u00fcy\u00fck Menderes Nehrindeki su seviyesinin h\u0131zla y\u00fckselmesi sonucu nehir yata\u011f\u0131ndan ta\u015fan sular, Germencik ile Yenik\u00f6y aras\u0131ndaki yolun bir b\u00f6l\u00fcm\u00fcn\u00fc su alt\u0131nda b\u0131rakt\u0131. Tar\u0131m arazileri sular alt\u0131nda kald\u0131. Menderes Nehri \u00fczerinde bulunan k\u00f6pr\u00fcden ara\u00e7lar\u0131n ge\u00e7memesi i\u00e7in uyar\u0131 levhas\u0131 yerle\u015ftirilirken, s\u00fcr\u00fcc\u00fcler alternatif g\u00fczergahlara y\u00f6nlendirildi.<br \/><\/p>\n","protected":false},"excerpt":{"rendered":"<p>Ayd\u0131n\u2019da sa\u011fanak ya\u011f\u0131\u015flar\u0131n ard\u0131ndan debisi artan B\u00fcy\u00fck Menderes Nehri\u2019nde meydana gelen ta\u015fk\u0131n sonras\u0131 karayolunda ula\u015f\u0131m \u00f6nlem ama\u00e7l\u0131 kapat\u0131ld\u0131. Sa\u011fanak ya\u011f\u0131\u015fl\u0131 havan\u0131n etkili oldu\u011fu Ayd\u0131n\u2019da, ya\u011f\u0131\u015flar sonras\u0131 debisi y\u00fckselen B\u00fcy\u00fck Menderes Nehri\u2019nin ta\u015fmas\u0131, Ayd\u0131n\u2019da ula\u015f\u0131m\u0131 olumsuz etkiledi. Ta\u015fk\u0131n ya\u015fanan b\u00f6lgede Ko\u00e7arl\u0131 Yenik\u00f6y Mahallesi ile Germencik aras\u0131ndaki karayolu g\u00fcvenlik gerek\u00e7esiyle ara\u00e7 trafi\u011fine kapat\u0131ld\u0131. Yo\u011fun ya\u011f\u0131\u015flar\u0131n etkili oldu\u011fu&#8230;<\/p>\n","protected":false},"author":1,"featured_media":87564,"comment_status":"open","ping_status":"open","sticky":false,"template":"","format":"standard","meta":{"_crdt_document":"","footnotes":""},"categories":[1],"tags":[],"class_list":["post-87563","post","type-post","status-publish","format-standard","has-post-thumbnail","hentry","category-guncel"],"_links":{"self":[{"href":"https:\/\/www.egemtv.com\/index.php?rest_route=\/wp\/v2\/posts\/87563","targetHints":{"allow":["GET"]}}],"collection":[{"href":"https:\/\/www.egemtv.com\/index.php?rest_route=\/wp\/v2\/posts"}],"about":[{"href":"https:\/\/www.egemtv.com\/index.php?rest_route=\/wp\/v2\/types\/post"}],"author":[{"embeddable":true,"href":"https:\/\/www.egemtv.com\/index.php?rest_route=\/wp\/v2\/users\/1"}],"replies":[{"embeddable":true,"href":"https:\/\/www.egemtv.com\/index.php?rest_route=%2Fwp%2Fv2%2Fcomments&post=87563"}],"version-history":[{"count":1,"href":"https:\/\/www.egemtv.com\/index.php?rest_route=\/wp\/v2\/posts\/87563\/revisions"}],"predecessor-version":[{"id":87565,"href":"https:\/\/www.egemtv.com\/index.php?rest_route=\/wp\/v2\/posts\/87563\/revisions\/87565"}],"wp:featuredmedia":[{"embeddable":true,"href":"https:\/\/www.egemtv.com\/index.php?rest_route=\/wp\/v2\/media\/87564"}],"wp:attachment":[{"href":"https:\/\/www.egemtv.com\/index.php?rest_route=%2Fwp%2Fv2%2Fmedia&parent=87563"}],"wp:term":[{"taxonomy":"category","embeddable":true,"href":"https:\/\/www.egemtv.com\/index.php?rest_route=%2Fwp%2Fv2%2Fcategories&post=87563"},{"taxonomy":"post_tag","embeddable":true,"href":"https:\/\/www.egemtv.com\/index.php?rest_route=%2Fwp%2Fv2%2Ftags&post=87563"}],"curies":[{"name":"wp","href":"https:\/\/api.w.org\/{rel}","templated":true}]}}