{"id":87557,"date":"2026-02-13T16:35:06","date_gmt":"2026-02-13T13:35:06","guid":{"rendered":"https:\/\/www.egemtv.com\/?p=87557"},"modified":"2026-02-13T16:35:07","modified_gmt":"2026-02-13T13:35:07","slug":"ege-bolgesinin-ilk-sekerleme-ve-kahve-fuari-candy-expo-denizlide-basladi","status":"publish","type":"post","link":"https:\/\/www.egemtv.com\/?p=87557","title":{"rendered":"Ege B\u00f6lgesinin ilk \u015fekerleme ve kahve fuar\u0131 Candy EXPO Denizli\u2019de ba\u015flad\u0131"},"content":{"rendered":"<p>Ege B\u00f6lgesi\u2019nin ilk \u015fekerleme, at\u0131\u015ft\u0131rmal\u0131k ve kahve fuar\u0131 Candy EXPO, Bizim Medya Fuarc\u0131l\u0131k organizasyonuyla Denizli EGS Park Fuar Alan\u0131\u2019nda ziyaret\u00e7ilerini a\u011f\u0131rlamaya ba\u015flad\u0131. 70\u2019ten fazla firman\u0131n kat\u0131ld\u0131\u011f\u0131 fuar, 15 \u015eubat Pazar g\u00fcn\u00fcne kadar a\u00e7\u0131k kalacak.<br \/>\n<br \/>Ege B\u00f6lgesi\u2019nde ilk kez d\u00fczenlenen \u015fekerleme, at\u0131\u015ft\u0131rmal\u0131k ve kahve fuar\u0131 Candy EXPO, Bizim Medya Fuarc\u0131l\u0131k organizasyonuyla Denizli\u2019de kap\u0131lar\u0131n\u0131 a\u00e7t\u0131. Denizli EGS Park Fuar<br \/>\n<br \/>Alan\u0131\u2019nda ger\u00e7ekle\u015ftirilen fuar, Denizli ba\u015fta olmak \u00fczere Ege B\u00f6lgesi\u2019nden 70\u2019in \u00fczerinde firman\u0131n kat\u0131l\u0131m\u0131yla yo\u011fun ilgi g\u00f6r\u00fcyor. \u00c7ikolata, \u015fekerleme, kahve \u00e7e\u015fitleri, at\u0131\u015ft\u0131rmal\u0131k \u00fcr\u00fcnler ve hediyelik alternatiflerin yer ald\u0131\u011f\u0131 fuar alan\u0131nda ziyaret\u00e7iler hem yeni tatlar ke\u015ffediyor hem de \u00fcr\u00fcnleri yerinde deneyimleme f\u0131rsat\u0131 buluyor. Renkli stantlar\u0131n kuruldu\u011fu organizasyonda firmalar \u00fcr\u00fcnlerini tan\u0131tman\u0131n yan\u0131 s\u0131ra yeni i\u015f ba\u011flant\u0131lar\u0131 kurma ve bayilik olu\u015fturma imk\u00e2n\u0131 da yakal\u0131yor. Sekt\u00f6r temsilcilerini ve lezzet tutkunlar\u0131n\u0131 bir araya getiren Candy EXPO, b\u00f6lge ekonomisine katk\u0131 sa\u011flamay\u0131 hedeflerken, kat\u0131l\u0131mc\u0131 firmalara da geni\u015f bir tan\u0131t\u0131m platformu sunuyor. Fuar, 15 \u015eubat Pazar g\u00fcn\u00fcne kadar her g\u00fcn 11.00 ile 21.00 saatleri aras\u0131nda ziyaret\u00e7ilerini a\u011f\u0131rl\u0131yor.<\/p>\n<p>Bizim Medya Fuarc\u0131l\u0131k Kurumsal ileti\u015fim M\u00fcd\u00fcr\u00fc Ceylin Saner, Candy EXPO \u2018nun,  \u015fekerleme, \u00e7ikolata, kahve ve at\u0131\u015ft\u0131rma firmalar\u0131n\u0131n hepsinin i\u00e7inde bulundurdu\u011fu Fuar oldu\u011funu belirterek Ege B\u00f6lgesinin ilk ve tek \u015fekerleme ve kahve fuar\u0131 oldu\u011funu ifade etti. Kurumsal ileti\u015fim M\u00fcd\u00fcr\u00fc Ceylin Saner fuarla ilgili olarak yapt\u0131\u011f\u0131 a\u00e7\u0131klamada, &#8220;Candy EXPO \u015fekerleme, at\u0131\u015ft\u0131rmal\u0131k ve kahve fuar\u0131, Ege B\u00f6lgesinde ilk defa ger\u00e7ekle\u015fiyor ayr\u0131ca tam olarak bu konsepte de yap\u0131lan T\u00fcrkiye\u2019de ilk \u015fekerleme fuar\u0131. Candy Expo, \u015fekerleme, \u00e7ikolata, kahve ve at\u0131\u015ft\u0131rma firmalar\u0131n\u0131n hepsinin i\u00e7inde bulundurdu\u011fu b\u00fcy\u00fck bir fuar. Bu fuarda bir\u00e7ok firmam\u0131z var. Hem geleneksel \u00fcr\u00fcnlerimiz hem de ulusal pazarda olan bir\u00e7ok \u00fcr\u00fcn\u00fcm\u00fcz bulunmakta. Bir\u00e7ok kafemiz, bir\u00e7ok kahve firmam\u0131z yine burada yer al\u0131yorlar. Fuarda 70\u2019e yak\u0131n firma kat\u0131l\u0131m sa\u011flad\u0131. \u00d6n\u00fcm\u00fczdeki sene de yapaca\u011f\u0131m\u0131z ikinci Candy Expo Fuar\u0131na da b\u00fcy\u00fck bir ilgi var. Kat\u0131l\u0131m \u00e7ok yo\u011fun. Asl\u0131na bakarsan\u0131z bizim bile bekledi\u011fimizden bir \u00e7ok daha yo\u011funluk var. Fuar alan\u0131m\u0131z sabah 11.00 ile ak\u015fam 22.00 aras\u0131nda misafirlerini a\u011f\u0131rl\u0131uyor. Fuara giri\u015fler \u00fccretsiz. Sadece fuar alan\u0131na giri\u015fte yo\u011funlu\u011fu \u00f6nlemek ad\u0131na bir turnike sistemimiz var. Bizim fuarc\u0131l\u0131k Instagram sayfas\u0131nda \u00fccretsiz biletlerine ula\u015fabilirler. Hem halk\u0131m\u0131z\u0131n, hem firmalar\u0131n, hem de \u015fehir d\u0131\u015f\u0131ndan gelen vatanda\u015flar\u0131m\u0131z \u00e7ok b\u00fcy\u00fck bir ilgi g\u00f6sterdiler. Buradan gelen ve gelecek olanlara da tekrardan te\u015fekk\u00fcr ederiz. Herkesi fuar\u0131m\u0131z kapanmadan bekleriz&#8221; \u015feklinde konu\u015ftu.<\/p>\n<p>Candy EXPO \u015fekerleme ve kahve fuar\u0131nda stant a\u00e7an firma sahibi \u015eerif Yunus Helvac\u0131, \u015feker ve kahve firmalar\u0131n\u0131n en b\u00fcy\u00fck \u00f6zeliklerinin insanlar\u0131n a\u011fz\u0131n\u0131 tatland\u0131rmak oldu\u011funu ve Candy EXPO \u015fekerleme fuar\u0131na ziyaret\u00e7ilerin a\u011fz\u0131n\u0131 tatland\u0131rmak i\u00e7in kat\u0131ld\u0131klar\u0131n\u0131 belirterek, &#8220;Denizli\u2019de \u015fekerleme ve kahve fuar\u0131nda ilk defa yap\u0131l\u0131yor. Arkada\u015flar bize sundu\u011funda nas\u0131l bir \u015fey olur, nas\u0131l olur dediklerinde arkada\u015flar biz de destekleriz. Biz Denizli\u2019nin geleneksel bir markas\u0131y\u0131z, firmas\u0131y\u0131z. Bizim en b\u00fcy\u00fck \u00f6zelli\u011fimiz i\u015f yerimize gelenlere herkese ikramlar\u0131m\u0131z, tatl\u0131 dilimiz, g\u00fcler y\u00fcz\u00fcm\u00fcz. Ayn\u0131 \u015fekilde fuarda da bunu sa\u011flar\u0131z dedik. Siz az \u00f6nceden beri g\u00f6rd\u00fc\u011f\u00fcn\u00fcz gibi gelen herkesin a\u011fz\u0131n\u0131 tatland\u0131r\u0131yoruz. Fuara yo\u011fun bir ilgi var. Aileler \u00e7ocuklar\u0131yla geliyorlar. \u00c7ocuklar\u0131yla gelen ailelerin buradaki bu tatl\u0131 k\u00fclt\u00fcr\u00fcn\u00fc a\u011f\u0131z tatlanmas\u0131n\u0131 ve ne\u015feyle buradan ayr\u0131lmalar\u0131 bize mutluluk veriyor. Okullardan turlar geliyorlar. Sabahleyin erkenden 30 tane ufac\u0131k \u00e7ocu\u011fumuz, 5 ya\u015f grubu geldiler. Onlara \u00e7ilekli \u00e7ikolata ikram ettik, tulumba tatl\u0131s\u0131 yedirdik. Bizim geleneksel tatl\u0131lar\u0131m\u0131z\u0131 tatt\u0131rmaya \u00e7al\u0131\u015f\u0131yoruz. \u00c7ok da g\u00fczel bir fuar oluyor. Herkes de memnun. Yapan arkada\u015flara te\u015fekk\u00fcr ederiz, tebrik ederiz&#8221; dedi.<\/p>\n<p>Denizli\u2019nin \u015fekerleme ve tatl\u0131 sekt\u00f6r\u00fc konusunda \u00f6nde gelen \u015fehirlerden biri oldu\u011funu belirten Tugay T\u00fcn,  Candy Expo fuar\u0131n\u0131n Denizli\u2019de ger\u00e7ekle\u015ftirilmeye ba\u015flamas\u0131n\u0131n do\u011fru bir kara oldu\u011funu ifade etti. Firma sahibi Tugay T\u00fcn, &#8220;Candy Expo, bizce Denizli i\u00e7in \u00e7ok de\u011ferli bir fuar oldu. \u00c7\u00fcnk\u00fc Denizli, \u00e7ikolata ve \u015fekerleme sekt\u00f6r\u00fcnde \u00f6nde gelen \u015fehirlerden birisi. Gerekse \u00e7ikolata i\u015fini T\u00fcrkiye geneli markala\u015ft\u0131ran firmalar\u0131m\u0131z\u0131n buran\u0131n kaynakl\u0131 olmas\u0131, biz Denizli gibi bir \u015fehri y\u00fckselterek \u00f6n plana \u00e7\u0131kar\u0131yoruz. Kendi Expo\u2019nun bu b\u00f6lgede olmas\u0131 bence son derece etkili ve do\u011fru bir karar olmu\u015f. Bizim fuarc\u0131l\u0131kla \u00f6ncesinde yapt\u0131\u011f\u0131m\u0131z isti\u015fareler do\u011frultusunda fuar\u0131n hareketli ve ilgi \u00e7ekici olaca\u011f\u0131n\u0131 d\u00fc\u015f\u00fcn\u00fcyorduk. \u00d6yle de oldu. \u0130lk g\u00fcn sabah saatlerinden itibaren ciddi bir vatanda\u015f taraf\u0131ndan ilgi oldu. Bug\u00fcn ikinci g\u00fcn\u00fcm\u00fcz. Bundan sonraki g\u00fcnlerde de ilginin artarak devam edece\u011fini d\u00fc\u015f\u00fcn\u00fcyoruz. T\u00fcm vatanda\u015flar\u0131m\u0131z\u0131 gelip g\u00f6rmelerini tavsiye ediyoruz&#8221; a\u00e7\u0131klamas\u0131nda bulundu.<\/p>\n<p>Denizli\u2019de ilk kez d\u00fczenlenen Candy EXPO \u015eekerleme ve Kahve Fuar\u0131\u2019na kat\u0131lan firma temsilcileri ve giri\u015fimciler, organizasyonun \u015fehir i\u00e7in \u00f6nemli bir kazan\u0131m oldu\u011funu vurgulad\u0131. Kat\u0131l\u0131mc\u0131lar, fuar\u0131n beklentilerin \u00fczerinde bir ilgi g\u00f6rd\u00fc\u011f\u00fcn\u00fc, \u00f6zellikle ailelerin ve \u00f6\u011frencilerin yo\u011fun kat\u0131l\u0131m sa\u011flad\u0131\u011f\u0131n\u0131 ifade etti. Denizli\u2019nin \u00e7ikolata ve \u015fekerleme sekt\u00f6r\u00fcndeki g\u00fc\u00e7l\u00fc konumuna dikkat \u00e7eken firmalar, fuar\u0131n hem \u015fehrin tan\u0131t\u0131m\u0131na katk\u0131 sundu\u011funu hem de markalar i\u00e7in \u00f6nemli bir f\u0131rsat olu\u015fturdu\u011funu belirtti. Geleneksel lezzetlerden yenilik\u00e7i ve sa\u011fl\u0131kl\u0131 \u00fcretim anlay\u0131\u015f\u0131na kadar geni\u015f bir yelpazede \u00fcr\u00fcnlerin sergilendi\u011fi organizasyonun, hem ziyaret\u00e7iler hem de kat\u0131l\u0131mc\u0131lar a\u00e7\u0131s\u0131ndan memnuniyet verici ge\u00e7ti\u011fi aktar\u0131ld\u0131.<br \/><\/p>\n","protected":false},"excerpt":{"rendered":"<p>Ege B\u00f6lgesi\u2019nin ilk \u015fekerleme, at\u0131\u015ft\u0131rmal\u0131k ve kahve fuar\u0131 Candy EXPO, Bizim Medya Fuarc\u0131l\u0131k organizasyonuyla Denizli EGS Park Fuar Alan\u0131\u2019nda ziyaret\u00e7ilerini a\u011f\u0131rlamaya ba\u015flad\u0131. 70\u2019ten fazla firman\u0131n kat\u0131ld\u0131\u011f\u0131 fuar, 15 \u015eubat Pazar g\u00fcn\u00fcne kadar a\u00e7\u0131k kalacak. Ege B\u00f6lgesi\u2019nde ilk kez d\u00fczenlenen \u015fekerleme, at\u0131\u015ft\u0131rmal\u0131k ve kahve fuar\u0131 Candy EXPO, Bizim Medya Fuarc\u0131l\u0131k organizasyonuyla Denizli\u2019de kap\u0131lar\u0131n\u0131 a\u00e7t\u0131. Denizli EGS&#8230;<\/p>\n","protected":false},"author":1,"featured_media":87558,"comment_status":"open","ping_status":"open","sticky":false,"template":"","format":"standard","meta":{"_crdt_document":"","footnotes":""},"categories":[1],"tags":[],"class_list":["post-87557","post","type-post","status-publish","format-standard","has-post-thumbnail","hentry","category-guncel"],"_links":{"self":[{"href":"https:\/\/www.egemtv.com\/index.php?rest_route=\/wp\/v2\/posts\/87557","targetHints":{"allow":["GET"]}}],"collection":[{"href":"https:\/\/www.egemtv.com\/index.php?rest_route=\/wp\/v2\/posts"}],"about":[{"href":"https:\/\/www.egemtv.com\/index.php?rest_route=\/wp\/v2\/types\/post"}],"author":[{"embeddable":true,"href":"https:\/\/www.egemtv.com\/index.php?rest_route=\/wp\/v2\/users\/1"}],"replies":[{"embeddable":true,"href":"https:\/\/www.egemtv.com\/index.php?rest_route=%2Fwp%2Fv2%2Fcomments&post=87557"}],"version-history":[{"count":1,"href":"https:\/\/www.egemtv.com\/index.php?rest_route=\/wp\/v2\/posts\/87557\/revisions"}],"predecessor-version":[{"id":87559,"href":"https:\/\/www.egemtv.com\/index.php?rest_route=\/wp\/v2\/posts\/87557\/revisions\/87559"}],"wp:featuredmedia":[{"embeddable":true,"href":"https:\/\/www.egemtv.com\/index.php?rest_route=\/wp\/v2\/media\/87558"}],"wp:attachment":[{"href":"https:\/\/www.egemtv.com\/index.php?rest_route=%2Fwp%2Fv2%2Fmedia&parent=87557"}],"wp:term":[{"taxonomy":"category","embeddable":true,"href":"https:\/\/www.egemtv.com\/index.php?rest_route=%2Fwp%2Fv2%2Fcategories&post=87557"},{"taxonomy":"post_tag","embeddable":true,"href":"https:\/\/www.egemtv.com\/index.php?rest_route=%2Fwp%2Fv2%2Ftags&post=87557"}],"curies":[{"name":"wp","href":"https:\/\/api.w.org\/{rel}","templated":true}]}}