{"id":87554,"date":"2026-02-13T16:35:05","date_gmt":"2026-02-13T13:35:05","guid":{"rendered":"https:\/\/www.egemtv.com\/?p=87554"},"modified":"2026-02-13T16:35:06","modified_gmt":"2026-02-13T13:35:06","slug":"ureten-kadinlar-festivali-kapilarini-acti","status":"publish","type":"post","link":"https:\/\/www.egemtv.com\/?p=87554","title":{"rendered":"\u00dcreten Kad\u0131nlar Festivali kap\u0131lar\u0131n\u0131 a\u00e7t\u0131"},"content":{"rendered":"<p>Denizli B\u00fcy\u00fck\u015fehir Belediyesi\u2019nin d\u00fczenledi\u011fi &#8220;B\u00fcy\u00fck\u015fehirle \u00dcreten Kad\u0131nlar Festivali&#8221; kap\u0131lar\u0131n\u0131 a\u00e7t\u0131. \u00dcnl\u00fc oyuncu ve sunucu Berna La\u00e7in\u2019in konuk sanat\u00e7\u0131 olarak kat\u0131ld\u0131\u011f\u0131 festival, dopdolu i\u00e7eri\u011fiyle 15 \u015eubat tarihine kadar ziyaret\u00e7ilerini a\u011f\u0131rlayacak.<br \/>\n<br \/>Yerel kalk\u0131nman\u0131n \u00f6nc\u00fcs\u00fc olan kad\u0131n \u00fcreticileri bir araya getiren festivalin a\u00e7\u0131l\u0131\u015f t\u00f6renine, Denizli B\u00fcy\u00fck\u015fehir Belediye Ba\u015fkan\u0131 B\u00fclent Nuri \u00c7avu\u015fo\u011flu, e\u015fi Nilg\u00fcn \u00c7avu\u015fo\u011flu, Kent Konseyi Ba\u015fkan\u0131 Ali Mar\u0131m, Merkezefendi Belediye Ba\u015fkan\u0131 \u015eeniz Do\u011fan, Pamukkale Belediye Ba\u015fkan Yard\u0131mc\u0131s\u0131 Himmet Yava\u015f, \u00fcnl\u00fc sanat\u00e7\u0131 Berna La\u00e7in\u2019in yan\u0131 s\u0131ra \u00e7ok say\u0131da kad\u0131n giri\u015fimci ve davetliler kat\u0131ld\u0131. Festivalin a\u00e7\u0131l\u0131\u015f\u0131, sayg\u0131 duru\u015fu ve \u0130stiklal Mar\u015f\u0131\u2019n\u0131n okunmas\u0131n\u0131n ard\u0131ndan, &#8220;Zeybek Bilmeyen Kad\u0131n Kalmas\u0131n&#8221; projesi kapsam\u0131nda zeybek e\u011fitimi alan kad\u0131nlar\u0131n sahneledi\u011fi g\u00f6steriyle ba\u015flad\u0131.<br \/>\n<br \/>&#8220;Bu hayali ad\u0131m ad\u0131m b\u00fcy\u00fct\u00fcyoruz&#8221;<br \/>\n<br \/>T\u00f6rende konu\u015fan B\u00fcy\u00fck\u015fehir Belediye Ba\u015fkan\u0131 B\u00fclent Nuri \u00c7avu\u015fo\u011flu, kad\u0131nlar\u0131n sosyal ve ekonomik hayatta daha g\u00fc\u00e7l\u00fc yer almas\u0131n\u0131n, yerel kalk\u0131nman\u0131n en temel unsurlar\u0131ndan biri oldu\u011funu s\u00f6yledi. Denizli\u2019de kad\u0131nlar\u0131n kimseye ihtiya\u00e7 duymadan kendi ayaklar\u0131 \u00fczerinde durabildi\u011fi bir \u015fehir hedeflediklerini belirten Ba\u015fkan \u00c7avu\u015fo\u011flu, &#8220;Bu \u015fehrin kad\u0131nlar\u0131n\u0131n \u00f6zg\u00fcrce \u00fcretebildi\u011fi, sosyal hayat\u0131n i\u00e7inde aktif rol alabildi\u011fi bir Denizli hayal ediyoruz. Bu hayali ad\u0131m ad\u0131m b\u00fcy\u00fct\u00fcyoruz&#8221; dedi.<br \/>\n<br \/>B\u00fcy\u00fck\u015fehir kad\u0131nlar\u0131n her zaman yan\u0131nda<br \/>\n<br \/>G\u00f6reve geldikleri g\u00fcnden bu yana kad\u0131nlar\u0131n hayat\u0131n her alan\u0131nda daha g\u00f6r\u00fcn\u00fcr olmas\u0131 i\u00e7in projeler geli\u015ftirdiklerini ifade eden Ba\u015fkan \u00c7avu\u015fo\u011flu, \u00f6zellikle &#8220;Zeybek Bilmeyen Kad\u0131n Kalmas\u0131n&#8221; projesine de\u011findi. Y\u0131llarca d\u00fc\u011f\u00fcnlerde zeybe\u011fi erkeklerin oynad\u0131\u011f\u0131n\u0131 g\u00f6rd\u00fc\u011f\u00fcn\u00fc belirten Ba\u015fkan \u00c7avu\u015fo\u011flu, &#8220;Kad\u0131nlar\u0131m\u0131z neden o meydanda olmas\u0131n dedik. Muhtarl\u0131klar\u0131m\u0131z arac\u0131l\u0131\u011f\u0131yla kad\u0131nlar\u0131m\u0131z\u0131 kurslara ta\u015f\u0131yoruz, e\u011fitimlerini al\u0131yorlar ve bug\u00fcn burada oldu\u011fu gibi gururla sahneye \u00e7\u0131k\u0131yorlar&#8221; diye konu\u015ftu. Ba\u015fkan \u00c7avu\u015fo\u011flu, kad\u0131nlara y\u00f6nelik y\u00fczme kurslar\u0131 hakk\u0131nda da bilgi vererek, &#8220;Y\u00fczme bilmeyen kad\u0131n kalmas\u0131n istedik. Muhtarl\u0131klar\u0131m\u0131z \u00fczerinden ba\u015fvurular\u0131 al\u0131yoruz, kad\u0131nlar\u0131m\u0131z\u0131 evlerinden al\u0131p havuzlara g\u00f6t\u00fcr\u00fcyoruz. Y\u00fczmeyi \u00f6\u011frenenleri denizle bulu\u015fturuyoruz. \u015eu ana kadar iki bine yak\u0131n kad\u0131n\u0131m\u0131z y\u00fczme \u00f6\u011frendi. Onlar\u0131n y\u00fcz\u00fcndeki mutluluk her \u015feye de\u011fer&#8221; ifadelerini kulland\u0131.<br \/>\n<br \/>&#8220;E\u015fitlik ilkesini g\u00f6zetiyoruz&#8221;<br \/>\n<br \/>Festivalde stant yerlerinin kura ile belirlendi\u011fini vurgulayan \u00c7avu\u015fo\u011flu, &#8220;Hi\u00e7 kimseye ayr\u0131cal\u0131k tan\u0131madan, e\u015fitlik ilkesini g\u00f6zeterek hareket ediyoruz. Bu \u015fehirde \u00fcreten kim varsa yan\u0131nda olmaya devam edece\u011fiz. Biz bu yola birilerini zenginle\u015ftirmek i\u00e7in de\u011fil, halk\u0131m\u0131z\u0131 g\u00fc\u00e7lendirmek i\u00e7in \u00e7\u0131kt\u0131k&#8221; dedi. Kad\u0131n \u00fcreticilere verilen desteklerin artarak s\u00fcrece\u011fini belirten \u00c7avu\u015fo\u011flu, Denizli\u2019nin kaynaklar\u0131n\u0131n yine Denizli halk\u0131 i\u00e7in kullan\u0131laca\u011f\u0131n\u0131 s\u00f6yledi.<br \/>\n<br \/>&#8220;Kad\u0131n varsa umut var&#8221;<br \/>\n<br \/>Festivalin konuk sanat\u00e7\u0131s\u0131, \u00fcnl\u00fc sunucu ve oyuncu Berna La\u00e7in ise konu\u015fmas\u0131nda kad\u0131n eme\u011finin \u00f6nemine vurgu yapt\u0131. &#8220;Kad\u0131n varsa umut var&#8221; diyen La\u00e7in, kad\u0131nlar\u0131n f\u0131rsat bulduklar\u0131nda b\u00fcy\u00fck ba\u015far\u0131lara imza att\u0131\u011f\u0131n\u0131 ifade etti. \u00d6zellikle dijitalle\u015fen d\u00fcnyada kad\u0131nlar\u0131n kendi markalar\u0131n\u0131 olu\u015fturma ve \u00fcr\u00fcnlerini daha geni\u015f kitlelere ula\u015ft\u0131rma imkan\u0131 bulundu\u011funu belirten La\u00e7in, yerel \u00fcretimin tasar\u0131m ve vizyonla birle\u015fti\u011finde \u00e7ok daha g\u00fc\u00e7l\u00fc bir ekonomik de\u011fere d\u00f6n\u00fc\u015fece\u011fini s\u00f6yledi.<br \/>\n<br \/>&#8220;Denizli\u2019nin kad\u0131n\u0131 \u00fcretkendir&#8221;<br \/>\n<br \/>Merkezefendi Belediye Ba\u015fkan\u0131 \u015eeniz Do\u011fan ise, Denizli\u2019nin \u00fcretim k\u00fclt\u00fcr\u00fcne dikkat \u00e7ekerek, \u00f6zellikle tekstil sekt\u00f6r\u00fcnde kad\u0131n eme\u011finin b\u00fcy\u00fck pay\u0131 oldu\u011funu ifade etti. Kad\u0131nlar\u0131n istihdama kat\u0131l\u0131m\u0131n\u0131n artmas\u0131n\u0131n hem ekonomik hem de sosyal a\u00e7\u0131dan \u00f6nemli oldu\u011funu belirten Do\u011fan, bu t\u00fcr festivallerin kad\u0131nlara cesaret verdi\u011fini s\u00f6yledi.<br \/>\n<br \/>Dolu dolu festival<br \/>\n<br \/>Konu\u015fmalar\u0131n ard\u0131ndan festivalin a\u00e7\u0131l\u0131\u015f\u0131, Ba\u015fkan \u00c7avu\u015fo\u011flu, Berna La\u00e7in, protokol \u00fcyeleri ve \u00fcreten kad\u0131nlar taraf\u0131ndan ger\u00e7ekle\u015ftirildi. At\u00f6lye \u00e7al\u0131\u015fmalar\u0131ndan konserlere dopdolu i\u00e7eri\u011fiyle bu y\u0131l da \u00fcreten kad\u0131nlar\u0131 bir araya getiren festival hem \u00fcretici kad\u0131nlar\u0131n pazar a\u011f\u0131n\u0131 geni\u015fletmeyi hem de sosyal bir payla\u015f\u0131m platformu olu\u015fturmay\u0131 hedefliyor. Toplamda 258 stand\u0131n kuruldu\u011fu festivalde; giyim, g\u0131da, el sanatlar\u0131 ve tekstil ba\u015fta olmak \u00fczere 6 farkl\u0131 kategoride binlerce \u00fcr\u00fcn ziyaret\u00e7ilerin be\u011fenisine sunuluyor. Festival, 3 g\u00fcn boyunca ziyaret\u00e7ilerini a\u011f\u0131rlamay\u0131 s\u00fcrd\u00fcrecek.<br \/><\/p>\n","protected":false},"excerpt":{"rendered":"<p>Denizli B\u00fcy\u00fck\u015fehir Belediyesi\u2019nin d\u00fczenledi\u011fi &#8220;B\u00fcy\u00fck\u015fehirle \u00dcreten Kad\u0131nlar Festivali&#8221; kap\u0131lar\u0131n\u0131 a\u00e7t\u0131. \u00dcnl\u00fc oyuncu ve sunucu Berna La\u00e7in\u2019in konuk sanat\u00e7\u0131 olarak kat\u0131ld\u0131\u011f\u0131 festival, dopdolu i\u00e7eri\u011fiyle 15 \u015eubat tarihine kadar ziyaret\u00e7ilerini a\u011f\u0131rlayacak. Yerel kalk\u0131nman\u0131n \u00f6nc\u00fcs\u00fc olan kad\u0131n \u00fcreticileri bir araya getiren festivalin a\u00e7\u0131l\u0131\u015f t\u00f6renine, Denizli B\u00fcy\u00fck\u015fehir Belediye Ba\u015fkan\u0131 B\u00fclent Nuri \u00c7avu\u015fo\u011flu, e\u015fi Nilg\u00fcn \u00c7avu\u015fo\u011flu, Kent Konseyi Ba\u015fkan\u0131 Ali&#8230;<\/p>\n","protected":false},"author":1,"featured_media":87555,"comment_status":"open","ping_status":"open","sticky":false,"template":"","format":"standard","meta":{"_crdt_document":"","footnotes":""},"categories":[1],"tags":[],"class_list":["post-87554","post","type-post","status-publish","format-standard","has-post-thumbnail","hentry","category-guncel"],"_links":{"self":[{"href":"https:\/\/www.egemtv.com\/index.php?rest_route=\/wp\/v2\/posts\/87554","targetHints":{"allow":["GET"]}}],"collection":[{"href":"https:\/\/www.egemtv.com\/index.php?rest_route=\/wp\/v2\/posts"}],"about":[{"href":"https:\/\/www.egemtv.com\/index.php?rest_route=\/wp\/v2\/types\/post"}],"author":[{"embeddable":true,"href":"https:\/\/www.egemtv.com\/index.php?rest_route=\/wp\/v2\/users\/1"}],"replies":[{"embeddable":true,"href":"https:\/\/www.egemtv.com\/index.php?rest_route=%2Fwp%2Fv2%2Fcomments&post=87554"}],"version-history":[{"count":1,"href":"https:\/\/www.egemtv.com\/index.php?rest_route=\/wp\/v2\/posts\/87554\/revisions"}],"predecessor-version":[{"id":87556,"href":"https:\/\/www.egemtv.com\/index.php?rest_route=\/wp\/v2\/posts\/87554\/revisions\/87556"}],"wp:featuredmedia":[{"embeddable":true,"href":"https:\/\/www.egemtv.com\/index.php?rest_route=\/wp\/v2\/media\/87555"}],"wp:attachment":[{"href":"https:\/\/www.egemtv.com\/index.php?rest_route=%2Fwp%2Fv2%2Fmedia&parent=87554"}],"wp:term":[{"taxonomy":"category","embeddable":true,"href":"https:\/\/www.egemtv.com\/index.php?rest_route=%2Fwp%2Fv2%2Fcategories&post=87554"},{"taxonomy":"post_tag","embeddable":true,"href":"https:\/\/www.egemtv.com\/index.php?rest_route=%2Fwp%2Fv2%2Ftags&post=87554"}],"curies":[{"name":"wp","href":"https:\/\/api.w.org\/{rel}","templated":true}]}}