{"id":87551,"date":"2026-02-13T16:35:03","date_gmt":"2026-02-13T13:35:03","guid":{"rendered":"https:\/\/www.egemtv.com\/?p=87551"},"modified":"2026-02-13T16:35:04","modified_gmt":"2026-02-13T13:35:04","slug":"germencikte-saganak-yagis-sonrasi-baskan-cizmeleri-giyip-sokaga-cikti","status":"publish","type":"post","link":"https:\/\/www.egemtv.com\/?p=87551","title":{"rendered":"Germencik\u2019te sa\u011fanak ya\u011f\u0131\u015f sonras\u0131 ba\u015fkan \u00e7izmeleri giyip soka\u011fa \u00e7\u0131kt\u0131"},"content":{"rendered":"<p>Ayd\u0131n\u2019\u0131n Germencik il\u00e7esinde etkili olan sa\u011fanak ya\u011f\u0131\u015f\u0131n ard\u0131ndan saha \u00e7al\u0131\u015fmalar\u0131n\u0131 s\u00fcrd\u00fcren Belediye Ba\u015fkan\u0131 Burak Zencirci, &#8220;Teyakkuz halinde \u00e7al\u0131\u015fmalar\u0131m\u0131z\u0131 s\u00fcrd\u00fcr\u00fcyoruz&#8221; dedi.<\/p>\n<p>Ayd\u0131n genelinde etkili olan sa\u011fanak ya\u011f\u0131\u015f hayat\u0131 olumsuz etkilerken, Germencik il\u00e7esindeki ya\u011f\u0131\u015flar\u0131n ard\u0131ndan Belediye Ba\u015fkan\u0131 Burak Zencirci sahaya indi. Ya\u011f\u0131\u015flardan dolay\u0131 olu\u015fan hasarlar\u0131 yerinde incelemek i\u00e7in \u00e7izmeleri giyen Ba\u015fkan Zencirci, il\u00e7e genelinde tespit \u00e7al\u0131\u015fmalar\u0131 ger\u00e7ekle\u015ftirdi. Sokak sokak gezen Zencirci, ekiplerden bilgi alarak vatanda\u015flarla g\u00f6r\u00fc\u015ft\u00fc. Olumsuzluklar\u0131n giderilmesi amac\u0131yla teyakkuz halinde olduklar\u0131n\u0131 ifade eden<\/p>\n<p>Ba\u015fkan Zencirci; &#8220;\u0130l\u00e7emizde etkisini aral\u0131ks\u0131z s\u00fcrd\u00fcren sa\u011fanak ya\u011f\u0131\u015flar\u0131n ard\u0131ndan olu\u015fan hasarlar\u0131 yerinde incelemek \u00fczere sahaday\u0131z. T\u00fcm birimlerimizle birlikte  teyakkuz halinde \u00e7al\u0131\u015fmalar\u0131m\u0131z\u0131 s\u00fcrd\u00fcr\u00fcyoruz. Hem\u015fehrilerimizle bulu\u015fup, kritik noktalarda tespitlerimizi yapt\u0131k. Muhtemel risklere kar\u015f\u0131 koordineli \u015fekilde \u00e7al\u0131\u015fmaya devam edece\u011fiz&#8221; dedi.<br \/><\/p>\n","protected":false},"excerpt":{"rendered":"<p>Ayd\u0131n\u2019\u0131n Germencik il\u00e7esinde etkili olan sa\u011fanak ya\u011f\u0131\u015f\u0131n ard\u0131ndan saha \u00e7al\u0131\u015fmalar\u0131n\u0131 s\u00fcrd\u00fcren Belediye Ba\u015fkan\u0131 Burak Zencirci, &#8220;Teyakkuz halinde \u00e7al\u0131\u015fmalar\u0131m\u0131z\u0131 s\u00fcrd\u00fcr\u00fcyoruz&#8221; dedi. Ayd\u0131n genelinde etkili olan sa\u011fanak ya\u011f\u0131\u015f hayat\u0131 olumsuz etkilerken, Germencik il\u00e7esindeki ya\u011f\u0131\u015flar\u0131n ard\u0131ndan Belediye Ba\u015fkan\u0131 Burak Zencirci sahaya indi. Ya\u011f\u0131\u015flardan dolay\u0131 olu\u015fan hasarlar\u0131 yerinde incelemek i\u00e7in \u00e7izmeleri giyen Ba\u015fkan Zencirci, il\u00e7e genelinde tespit \u00e7al\u0131\u015fmalar\u0131 ger\u00e7ekle\u015ftirdi&#8230;.<\/p>\n","protected":false},"author":1,"featured_media":87552,"comment_status":"open","ping_status":"open","sticky":false,"template":"","format":"standard","meta":{"_crdt_document":"","footnotes":""},"categories":[1],"tags":[],"class_list":["post-87551","post","type-post","status-publish","format-standard","has-post-thumbnail","hentry","category-guncel"],"_links":{"self":[{"href":"https:\/\/www.egemtv.com\/index.php?rest_route=\/wp\/v2\/posts\/87551","targetHints":{"allow":["GET"]}}],"collection":[{"href":"https:\/\/www.egemtv.com\/index.php?rest_route=\/wp\/v2\/posts"}],"about":[{"href":"https:\/\/www.egemtv.com\/index.php?rest_route=\/wp\/v2\/types\/post"}],"author":[{"embeddable":true,"href":"https:\/\/www.egemtv.com\/index.php?rest_route=\/wp\/v2\/users\/1"}],"replies":[{"embeddable":true,"href":"https:\/\/www.egemtv.com\/index.php?rest_route=%2Fwp%2Fv2%2Fcomments&post=87551"}],"version-history":[{"count":1,"href":"https:\/\/www.egemtv.com\/index.php?rest_route=\/wp\/v2\/posts\/87551\/revisions"}],"predecessor-version":[{"id":87553,"href":"https:\/\/www.egemtv.com\/index.php?rest_route=\/wp\/v2\/posts\/87551\/revisions\/87553"}],"wp:featuredmedia":[{"embeddable":true,"href":"https:\/\/www.egemtv.com\/index.php?rest_route=\/wp\/v2\/media\/87552"}],"wp:attachment":[{"href":"https:\/\/www.egemtv.com\/index.php?rest_route=%2Fwp%2Fv2%2Fmedia&parent=87551"}],"wp:term":[{"taxonomy":"category","embeddable":true,"href":"https:\/\/www.egemtv.com\/index.php?rest_route=%2Fwp%2Fv2%2Fcategories&post=87551"},{"taxonomy":"post_tag","embeddable":true,"href":"https:\/\/www.egemtv.com\/index.php?rest_route=%2Fwp%2Fv2%2Ftags&post=87551"}],"curies":[{"name":"wp","href":"https:\/\/api.w.org\/{rel}","templated":true}]}}