{"id":87548,"date":"2026-02-13T16:15:16","date_gmt":"2026-02-13T13:15:16","guid":{"rendered":"https:\/\/www.egemtv.com\/?p=87548"},"modified":"2026-02-13T16:15:16","modified_gmt":"2026-02-13T13:15:16","slug":"mugla-buyuksehirden-koycegizde-sel-sonrasi-ureticiye-destek","status":"publish","type":"post","link":"https:\/\/www.egemtv.com\/?p=87548","title":{"rendered":"Mu\u011fla B\u00fcy\u00fck\u015fehir\u2019den K\u00f6yce\u011fiz\u2019de sel sonras\u0131 \u00fcreticiye destek"},"content":{"rendered":"<p>Mu\u011fla B\u00fcy\u00fck\u015fehir Belediyesi, K\u00f6yce\u011fiz il\u00e7esinde ya\u015fanan sel felaketinin ard\u0131ndan zarar g\u00f6ren sera alanlar\u0131nda zarar tespit \u00e7al\u0131\u015fmalar\u0131n\u0131 tamamlad\u0131, \u00fcreticilere y\u00f6nelik destek s\u00fcrecini ba\u015flatt\u0131.<br \/>\n<br \/>K\u00f6yce\u011fiz il\u00e7esinde etkili olan sel felaketinin ard\u0131ndan Mu\u011fla B\u00fcy\u00fck\u015fehir Belediyesi ekipleri, K\u00f6yce\u011fiz, Beyobas\u0131 ve P\u0131nar Mahallelerinde selden etkilenen sera alanlar\u0131nda yerinde zarar tespit \u00e7al\u0131\u015fmalar\u0131 ger\u00e7ekle\u015ftirdi. Yap\u0131lan incelemelerde, \u00f6zellikle domates ba\u015fta olmak \u00fczere \u00e7ilek ve biber \u00fcretimi yap\u0131lan seralarda su bask\u0131n\u0131na ba\u011fl\u0131 zararlar tespit edildi.<br \/>\n<br \/>B\u00fcy\u00fck\u015fehir Belediyesi ekipleri, zarar g\u00f6ren \u00fcreticilerle sahada bir araya gelerek mevcut durumu de\u011ferlendirdi. Yap\u0131lan incelemeler do\u011frultusunda, \u00fcretimin yeniden s\u00fcrd\u00fcr\u00fclebilir h\u00e2le gelmesi amac\u0131yla \u00fcreticilere teknik destek sa\u011fland\u0131 ve bitki besleme kiti deste\u011fi uygulamaya al\u0131nd\u0131.<br \/>\n<br \/>Zarar g\u00f6ren \u00fcreticilere y\u00f6nelik destek kapsam\u0131nda; toparlanma s\u00fcrecinin h\u0131zland\u0131r\u0131lmas\u0131 amac\u0131yla gerekli uygulamalara ili\u015fkin y\u00f6nlendirme yap\u0131l\u0131rken, bitki besleme kitleriyle \u00fcreticilerin yeniden \u00fcretime kazand\u0131r\u0131lmas\u0131 hedefleniyor.<br \/>\n<br \/>Mu\u011fla B\u00fcy\u00fck\u015fehir Belediyesi, olumsuz hava \u015fartlar\u0131n\u0131n tar\u0131msal \u00fcretim \u00fczerindeki etkilerini azaltmak amac\u0131yla b\u00f6lgede izleme ve de\u011ferlendirme \u00e7al\u0131\u015fmalar\u0131n\u0131 s\u00fcrd\u00fcrecek.<br \/>\n<br \/>Ba\u015fkan Aras: &#8220;\u00dcreticimizin eme\u011fi, bu kentin gelece\u011fidir&#8221;<br \/>\n<br \/>K\u0131y\u0131 Ege Belediyeler Birli\u011fi ve Mu\u011fla B\u00fcy\u00fck\u015fehir Belediye Ba\u015fkan\u0131 Ahmet Aras, ya\u015fanan afetin ard\u0131ndan \u00fcreticilerin yaln\u0131z b\u0131rak\u0131lmad\u0131\u011f\u0131n\u0131 belirterek \u015funlar\u0131 s\u00f6yledi: &#8220;Mu\u011fla bir tar\u0131m kenti. \u00dcreticimizin eme\u011fi, bu kentin gelece\u011fidir. Sel felaketinden etkilenen t\u00fcm \u00fcreticilerimize ge\u00e7mi\u015f olsun dileklerimi iletiyorum. Teknik ekiplerimiz sahada gerekli incelemeleri yapt\u0131 ve \u00fcretimin yeniden sa\u011fl\u0131kl\u0131 \u015fekilde devam edebilmesi i\u00e7in destek s\u00fcrecini ba\u015flatt\u0131. Amac\u0131m\u0131z, \u00fcreticimizin kayb\u0131n\u0131 en aza indirmek ve \u00fcretimin s\u00fcreklili\u011fini sa\u011flamak. Zor zamanlarda dayan\u0131\u015fmay\u0131 b\u00fcy\u00fctmeye, tar\u0131m\u0131 ve \u00fcreticimizi desteklemeye devam edece\u011fiz&#8221;<br \/><\/p>\n","protected":false},"excerpt":{"rendered":"<p>Mu\u011fla B\u00fcy\u00fck\u015fehir Belediyesi, K\u00f6yce\u011fiz il\u00e7esinde ya\u015fanan sel felaketinin ard\u0131ndan zarar g\u00f6ren sera alanlar\u0131nda zarar tespit \u00e7al\u0131\u015fmalar\u0131n\u0131 tamamlad\u0131, \u00fcreticilere y\u00f6nelik destek s\u00fcrecini ba\u015flatt\u0131. K\u00f6yce\u011fiz il\u00e7esinde etkili olan sel felaketinin ard\u0131ndan Mu\u011fla B\u00fcy\u00fck\u015fehir Belediyesi ekipleri, K\u00f6yce\u011fiz, Beyobas\u0131 ve P\u0131nar Mahallelerinde selden etkilenen sera alanlar\u0131nda yerinde zarar tespit \u00e7al\u0131\u015fmalar\u0131 ger\u00e7ekle\u015ftirdi. Yap\u0131lan incelemelerde, \u00f6zellikle domates ba\u015fta olmak \u00fczere \u00e7ilek&#8230;<\/p>\n","protected":false},"author":1,"featured_media":87549,"comment_status":"open","ping_status":"open","sticky":false,"template":"","format":"standard","meta":{"_crdt_document":"","footnotes":""},"categories":[125],"tags":[],"class_list":["post-87548","post","type-post","status-publish","format-standard","has-post-thumbnail","hentry","category-ekonomi"],"_links":{"self":[{"href":"https:\/\/www.egemtv.com\/index.php?rest_route=\/wp\/v2\/posts\/87548","targetHints":{"allow":["GET"]}}],"collection":[{"href":"https:\/\/www.egemtv.com\/index.php?rest_route=\/wp\/v2\/posts"}],"about":[{"href":"https:\/\/www.egemtv.com\/index.php?rest_route=\/wp\/v2\/types\/post"}],"author":[{"embeddable":true,"href":"https:\/\/www.egemtv.com\/index.php?rest_route=\/wp\/v2\/users\/1"}],"replies":[{"embeddable":true,"href":"https:\/\/www.egemtv.com\/index.php?rest_route=%2Fwp%2Fv2%2Fcomments&post=87548"}],"version-history":[{"count":1,"href":"https:\/\/www.egemtv.com\/index.php?rest_route=\/wp\/v2\/posts\/87548\/revisions"}],"predecessor-version":[{"id":87550,"href":"https:\/\/www.egemtv.com\/index.php?rest_route=\/wp\/v2\/posts\/87548\/revisions\/87550"}],"wp:featuredmedia":[{"embeddable":true,"href":"https:\/\/www.egemtv.com\/index.php?rest_route=\/wp\/v2\/media\/87549"}],"wp:attachment":[{"href":"https:\/\/www.egemtv.com\/index.php?rest_route=%2Fwp%2Fv2%2Fmedia&parent=87548"}],"wp:term":[{"taxonomy":"category","embeddable":true,"href":"https:\/\/www.egemtv.com\/index.php?rest_route=%2Fwp%2Fv2%2Fcategories&post=87548"},{"taxonomy":"post_tag","embeddable":true,"href":"https:\/\/www.egemtv.com\/index.php?rest_route=%2Fwp%2Fv2%2Ftags&post=87548"}],"curies":[{"name":"wp","href":"https:\/\/api.w.org\/{rel}","templated":true}]}}